{"id":993,"date":"2017-09-21T14:05:42","date_gmt":"2017-09-21T14:05:42","guid":{"rendered":"http:\/\/welovewebs.com\/dev\/guday\/?p=993\/"},"modified":"2021-12-21T12:46:07","modified_gmt":"2021-12-21T12:46:07","slug":"articulo-de-opinion-sobre-la-supermanzana-del-poble-nou","status":"publish","type":"post","link":"https:\/\/gudayterreros.com\/es\/blog\/articulo-de-opinion-sobre-la-supermanzana-del-poble-nou\/","title":{"rendered":"Art\u00edculo de opini\u00f3n sobre la Supermanzana del Poble Nou de Barcelona, por Olga Guday"},"content":{"rendered":"<p>La Arquitecta Olga Guday escribi\u00f3 para el \u201cel Peri\u00f3dico\u201d, el d\u00eda 20 de septiembre de 2017.<\/p>\n<p>El art\u00edculo de opini\u00f3n sobre la Supermanzana del Poblenou de Barcelona surg\u00eda al a\u00f1o de la implementaci\u00f3n del cambio de formato urbano para las nueve manzanas del distrito de Sant Mart\u00ed, en el a\u00f1o 2016.<\/p>\n<p>Reflexiones sobre los retos que debe alcanzar la Ciudad antes de aplicar este modelo de Supermanzana a toda Barcelona.<\/p>\n<p>\u00a1Os animamos a que lo le\u00e1is!<br \/>\nAqu\u00ed: \u00a0<a href=\"http:\/\/www.elperiodico.com\/es\/opinion\/20170919\/una-supermanzana-con-claroscuros-por-olgaguday-6296488\">http:\/\/www.elperiodico.com\/es\/opinion\/20170919\/una-supermanzana-con-claroscuros-por-olgaguday-6296488<\/a><\/p>\n","protected":false},"excerpt":{"rendered":"<p>La Arquitecta Olga Guday escribi\u00f3 para el \u201cel Peri\u00f3dico\u201d, el d\u00eda 20 de septiembre de 2017. El art\u00edculo de opini\u00f3n sobre la Supermanzana del Poblenou de Barcelona surg\u00eda al a\u00f1o de la implementaci\u00f3n del cambio de formato urbano para las nueve manzanas del distrito de Sant Mart\u00ed, en el a\u00f1o 2016. Reflexiones sobre los retos [&hellip;]<\/p>\n","protected":false},"author":3,"featured_media":2669,"comment_status":"closed","ping_status":"closed","sticky":false,"template":"","format":"standard","meta":{"_et_pb_use_builder":"","_et_pb_old_content":"","_et_gb_content_width":""},"categories":[30,31,39,36],"tags":[152,108,154,156],"acf":[],"yoast_head":"<!-- This site is optimized with the Yoast SEO plugin v19.10 - https:\/\/yoast.com\/wordpress\/plugins\/seo\/ -->\n<title>Art\u00edculo de opini\u00f3n sobre la Supermanzana del Poble Nou en Barcelona I Guday Terreros<\/title>\n<meta name=\"description\" content=\"En 2016 se implant\u00f3 un nuevo modelo urbano en nueve manzanas del Poble nou de Barcelona y la Arquitecta Olga Guday reflexiona sobre el resultado en 2017.\" \/>\n<meta name=\"robots\" content=\"index, follow, max-snippet:-1, max-image-preview:large, max-video-preview:-1\" \/>\n<link rel=\"canonical\" href=\"https:\/\/gudayterreros.com\/es\/blog\/articulo-de-opinion-sobre-la-supermanzana-del-poble-nou\/\" \/>\n<meta property=\"og:locale\" content=\"es_ES\" \/>\n<meta property=\"og:type\" content=\"article\" \/>\n<meta property=\"og:title\" content=\"Art\u00edculo de opini\u00f3n sobre la Supermanzana del Poble Nou en Barcelona I Guday Terreros\" \/>\n<meta property=\"og:description\" content=\"En 2016 se implant\u00f3 un nuevo modelo urbano en nueve manzanas del Poble nou de Barcelona y la Arquitecta Olga Guday reflexiona sobre el resultado en 2017.\" \/>\n<meta property=\"og:url\" content=\"https:\/\/gudayterreros.com\/es\/blog\/articulo-de-opinion-sobre-la-supermanzana-del-poble-nou\/\" \/>\n<meta property=\"og:site_name\" content=\"Guday Terreros\" \/>\n<meta property=\"article:published_time\" content=\"2017-09-21T14:05:42+00:00\" \/>\n<meta property=\"article:modified_time\" content=\"2021-12-21T12:46:07+00:00\" \/>\n<meta property=\"og:image\" content=\"https:\/\/gudayterreros.com\/wp-content\/uploads\/2017\/09\/Urbanismo-articulo-olga-guday-el-periodico-LR-scaled.jpg\" \/>\n\t<meta property=\"og:image:width\" content=\"2560\" \/>\n\t<meta property=\"og:image:height\" content=\"1656\" \/>\n\t<meta property=\"og:image:type\" content=\"image\/jpeg\" \/>\n<meta name=\"author\" content=\"Olga Guday\" \/>\n<meta name=\"twitter:card\" content=\"summary_large_image\" \/>\n<meta name=\"twitter:label1\" content=\"Escrito por\" \/>\n\t<meta name=\"twitter:data1\" content=\"Olga Guday\" \/>\n\t<meta name=\"twitter:label2\" content=\"Tiempo de lectura\" \/>\n\t<meta name=\"twitter:data2\" content=\"1 minuto\" \/>\n<script type=\"application\/ld+json\" class=\"yoast-schema-graph\">{\"@context\":\"https:\/\/schema.org\",\"@graph\":[{\"@type\":\"WebPage\",\"@id\":\"https:\/\/gudayterreros.com\/es\/blog\/articulo-de-opinion-sobre-la-supermanzana-del-poble-nou\/\",\"url\":\"https:\/\/gudayterreros.com\/es\/blog\/articulo-de-opinion-sobre-la-supermanzana-del-poble-nou\/\",\"name\":\"Art\u00edculo de opini\u00f3n sobre la Supermanzana del Poble Nou en Barcelona I Guday Terreros\",\"isPartOf\":{\"@id\":\"https:\/\/gudayterreros.com\/es\/#website\"},\"datePublished\":\"2017-09-21T14:05:42+00:00\",\"dateModified\":\"2021-12-21T12:46:07+00:00\",\"author\":{\"@id\":\"https:\/\/gudayterreros.com\/es\/#\/schema\/person\/a1e92ba93019e21b140b4019298292d0\"},\"description\":\"En 2016 se implant\u00f3 un nuevo modelo urbano en nueve manzanas del Poble nou de Barcelona y la Arquitecta Olga Guday reflexiona sobre el resultado en 2017.\",\"breadcrumb\":{\"@id\":\"https:\/\/gudayterreros.com\/es\/blog\/articulo-de-opinion-sobre-la-supermanzana-del-poble-nou\/#breadcrumb\"},\"inLanguage\":\"es\",\"potentialAction\":[{\"@type\":\"ReadAction\",\"target\":[\"https:\/\/gudayterreros.com\/es\/blog\/articulo-de-opinion-sobre-la-supermanzana-del-poble-nou\/\"]}]},{\"@type\":\"BreadcrumbList\",\"@id\":\"https:\/\/gudayterreros.com\/es\/blog\/articulo-de-opinion-sobre-la-supermanzana-del-poble-nou\/#breadcrumb\",\"itemListElement\":[{\"@type\":\"ListItem\",\"position\":1,\"name\":\"Portada\",\"item\":\"https:\/\/gudayterreros.com\/es\/\"},{\"@type\":\"ListItem\",\"position\":2,\"name\":\"Art\u00edculo de opini\u00f3n sobre la Supermanzana del Poble Nou de Barcelona, por Olga Guday\"}]},{\"@type\":\"WebSite\",\"@id\":\"https:\/\/gudayterreros.com\/es\/#website\",\"url\":\"https:\/\/gudayterreros.com\/es\/\",\"name\":\"Guday Terreros\",\"description\":\"Despacho Arquitectura\",\"potentialAction\":[{\"@type\":\"SearchAction\",\"target\":{\"@type\":\"EntryPoint\",\"urlTemplate\":\"https:\/\/gudayterreros.com\/es\/?s={search_term_string}\"},\"query-input\":\"required name=search_term_string\"}],\"inLanguage\":\"es\"},{\"@type\":\"Person\",\"@id\":\"https:\/\/gudayterreros.com\/es\/#\/schema\/person\/a1e92ba93019e21b140b4019298292d0\",\"name\":\"Olga Guday\",\"image\":{\"@type\":\"ImageObject\",\"inLanguage\":\"es\",\"@id\":\"https:\/\/gudayterreros.com\/es\/#\/schema\/person\/image\/\",\"url\":\"https:\/\/secure.gravatar.com\/avatar\/bbda4b117f22d5ebf586a2f73d699f4b?s=96&d=mm&r=g\",\"contentUrl\":\"https:\/\/secure.gravatar.com\/avatar\/bbda4b117f22d5ebf586a2f73d699f4b?s=96&d=mm&r=g\",\"caption\":\"Olga Guday\"},\"url\":\"https:\/\/gudayterreros.com\/es\/blog\/author\/adminguday\/\"}]}<\/script>\n<!-- \/ Yoast SEO plugin. -->","yoast_head_json":{"title":"Art\u00edculo de opini\u00f3n sobre la Supermanzana del Poble Nou en Barcelona I Guday Terreros","description":"En 2016 se implant\u00f3 un nuevo modelo urbano en nueve manzanas del Poble nou de Barcelona y la Arquitecta Olga Guday reflexiona sobre el resultado en 2017.","robots":{"index":"index","follow":"follow","max-snippet":"max-snippet:-1","max-image-preview":"max-image-preview:large","max-video-preview":"max-video-preview:-1"},"canonical":"https:\/\/gudayterreros.com\/es\/blog\/articulo-de-opinion-sobre-la-supermanzana-del-poble-nou\/","og_locale":"es_ES","og_type":"article","og_title":"Art\u00edculo de opini\u00f3n sobre la Supermanzana del Poble Nou en Barcelona I Guday Terreros","og_description":"En 2016 se implant\u00f3 un nuevo modelo urbano en nueve manzanas del Poble nou de Barcelona y la Arquitecta Olga Guday reflexiona sobre el resultado en 2017.","og_url":"https:\/\/gudayterreros.com\/es\/blog\/articulo-de-opinion-sobre-la-supermanzana-del-poble-nou\/","og_site_name":"Guday Terreros","article_published_time":"2017-09-21T14:05:42+00:00","article_modified_time":"2021-12-21T12:46:07+00:00","og_image":[{"width":2560,"height":1656,"url":"https:\/\/gudayterreros.com\/wp-content\/uploads\/2017\/09\/Urbanismo-articulo-olga-guday-el-periodico-LR-scaled.jpg","type":"image\/jpeg"}],"author":"Olga Guday","twitter_card":"summary_large_image","twitter_misc":{"Escrito por":"Olga Guday","Tiempo de lectura":"1 minuto"},"schema":{"@context":"https:\/\/schema.org","@graph":[{"@type":"WebPage","@id":"https:\/\/gudayterreros.com\/es\/blog\/articulo-de-opinion-sobre-la-supermanzana-del-poble-nou\/","url":"https:\/\/gudayterreros.com\/es\/blog\/articulo-de-opinion-sobre-la-supermanzana-del-poble-nou\/","name":"Art\u00edculo de opini\u00f3n sobre la Supermanzana del Poble Nou en Barcelona I Guday Terreros","isPartOf":{"@id":"https:\/\/gudayterreros.com\/es\/#website"},"datePublished":"2017-09-21T14:05:42+00:00","dateModified":"2021-12-21T12:46:07+00:00","author":{"@id":"https:\/\/gudayterreros.com\/es\/#\/schema\/person\/a1e92ba93019e21b140b4019298292d0"},"description":"En 2016 se implant\u00f3 un nuevo modelo urbano en nueve manzanas del Poble nou de Barcelona y la Arquitecta Olga Guday reflexiona sobre el resultado en 2017.","breadcrumb":{"@id":"https:\/\/gudayterreros.com\/es\/blog\/articulo-de-opinion-sobre-la-supermanzana-del-poble-nou\/#breadcrumb"},"inLanguage":"es","potentialAction":[{"@type":"ReadAction","target":["https:\/\/gudayterreros.com\/es\/blog\/articulo-de-opinion-sobre-la-supermanzana-del-poble-nou\/"]}]},{"@type":"BreadcrumbList","@id":"https:\/\/gudayterreros.com\/es\/blog\/articulo-de-opinion-sobre-la-supermanzana-del-poble-nou\/#breadcrumb","itemListElement":[{"@type":"ListItem","position":1,"name":"Portada","item":"https:\/\/gudayterreros.com\/es\/"},{"@type":"ListItem","position":2,"name":"Art\u00edculo de opini\u00f3n sobre la Supermanzana del Poble Nou de Barcelona, por Olga Guday"}]},{"@type":"WebSite","@id":"https:\/\/gudayterreros.com\/es\/#website","url":"https:\/\/gudayterreros.com\/es\/","name":"Guday Terreros","description":"Despacho Arquitectura","potentialAction":[{"@type":"SearchAction","target":{"@type":"EntryPoint","urlTemplate":"https:\/\/gudayterreros.com\/es\/?s={search_term_string}"},"query-input":"required name=search_term_string"}],"inLanguage":"es"},{"@type":"Person","@id":"https:\/\/gudayterreros.com\/es\/#\/schema\/person\/a1e92ba93019e21b140b4019298292d0","name":"Olga Guday","image":{"@type":"ImageObject","inLanguage":"es","@id":"https:\/\/gudayterreros.com\/es\/#\/schema\/person\/image\/","url":"https:\/\/secure.gravatar.com\/avatar\/bbda4b117f22d5ebf586a2f73d699f4b?s=96&d=mm&r=g","contentUrl":"https:\/\/secure.gravatar.com\/avatar\/bbda4b117f22d5ebf586a2f73d699f4b?s=96&d=mm&r=g","caption":"Olga Guday"},"url":"https:\/\/gudayterreros.com\/es\/blog\/author\/adminguday\/"}]}},"_links":{"self":[{"href":"https:\/\/gudayterreros.com\/es\/wp-json\/wp\/v2\/posts\/993"}],"collection":[{"href":"https:\/\/gudayterreros.com\/es\/wp-json\/wp\/v2\/posts"}],"about":[{"href":"https:\/\/gudayterreros.com\/es\/wp-json\/wp\/v2\/types\/post"}],"author":[{"embeddable":true,"href":"https:\/\/gudayterreros.com\/es\/wp-json\/wp\/v2\/users\/3"}],"replies":[{"embeddable":true,"href":"https:\/\/gudayterreros.com\/es\/wp-json\/wp\/v2\/comments?post=993"}],"version-history":[{"count":5,"href":"https:\/\/gudayterreros.com\/es\/wp-json\/wp\/v2\/posts\/993\/revisions"}],"predecessor-version":[{"id":4201,"href":"https:\/\/gudayterreros.com\/es\/wp-json\/wp\/v2\/posts\/993\/revisions\/4201"}],"wp:featuredmedia":[{"embeddable":true,"href":"https:\/\/gudayterreros.com\/es\/wp-json\/wp\/v2\/media\/2669"}],"wp:attachment":[{"href":"https:\/\/gudayterreros.com\/es\/wp-json\/wp\/v2\/media?parent=993"}],"wp:term":[{"taxonomy":"category","embeddable":true,"href":"https:\/\/gudayterreros.com\/es\/wp-json\/wp\/v2\/categories?post=993"},{"taxonomy":"post_tag","embeddable":true,"href":"https:\/\/gudayterreros.com\/es\/wp-json\/wp\/v2\/tags?post=993"}],"curies":[{"name":"wp","href":"https:\/\/api.w.org\/{rel}","templated":true}]}}