{"id":927,"date":"2017-07-05T12:26:33","date_gmt":"2017-07-05T12:26:33","guid":{"rendered":"http:\/\/welovewebs.com\/dev\/guday\/blog\/article-opinio-tramvia-diagonal-barcelona-olga-guday\/"},"modified":"2021-12-21T12:47:13","modified_gmt":"2021-12-21T12:47:13","slug":"articulo-opinion-tramvia-diagonal-barcelona-olga-guday","status":"publish","type":"post","link":"https:\/\/gudayterreros.com\/es\/blog\/articulo-opinion-tramvia-diagonal-barcelona-olga-guday\/","title":{"rendered":"Art\u00edculo de opini\u00f3n sobre el tranv\u00eda en la Diagonal de Barcelona, por Olga Guday"},"content":{"rendered":"<p>La Arquitecta Olga Guday escribi\u00f3 para el diario \u00abel Peri\u00f3dico\u00bb, el d\u00eda 28 de junio.<\/p>\n<p>El art\u00edculo de opini\u00f3n sobre el Tranv\u00eda en Barcelona surg\u00eda a ra\u00edz de la publicaci\u00f3n del informe de la ATM (Autoridad del Transporte Metropolitano), que propon\u00eda cuatro opciones sobre c\u00f3mo se articular\u00e1 la parte central de conexi\u00f3n de los dos tramos del tranv\u00eda ya ejecutados por la Diagonal, entre la plaza de las Glorias y la plaza de Francesc Maci\u00e0.<\/p>\n<div id=\"attachment_4207\" style=\"width: 1034px\" class=\"wp-caption aligncenter\"><img aria-describedby=\"caption-attachment-4207\" loading=\"lazy\" class=\"wp-image-4207 size-full\" src=\"https:\/\/gudayterreros.com\/wp-content\/uploads\/2017\/07\/articulo-opinion-urbanismo-tranvia-olga-guday-2-LR-1024x698-1.jpeg\" alt=\"\" width=\"1024\" height=\"698\" srcset=\"https:\/\/gudayterreros.com\/wp-content\/uploads\/2017\/07\/articulo-opinion-urbanismo-tranvia-olga-guday-2-LR-1024x698-1.jpeg 1024w, https:\/\/gudayterreros.com\/wp-content\/uploads\/2017\/07\/articulo-opinion-urbanismo-tranvia-olga-guday-2-LR-1024x698-1-980x668.jpeg 980w, https:\/\/gudayterreros.com\/wp-content\/uploads\/2017\/07\/articulo-opinion-urbanismo-tranvia-olga-guday-2-LR-1024x698-1-480x327.jpeg 480w\" sizes=\"(min-width: 0px) and (max-width: 480px) 480px, (min-width: 481px) and (max-width: 980px) 980px, (min-width: 981px) 1024px, 100vw\" \/><p id=\"caption-attachment-4207\" class=\"wp-caption-text\">Evoluci\u00f3 de les Oficines a la 3.0<\/p><\/div>\n<p>La Arquitecta hace reflexiones sobre los retos que debe alcanzar la Ciudad antes de 2020, por la Agenda Europea, y expone la problem\u00e1tica del tr\u00e1fico en la Ciudad, para acabar haciendo una propuesta y dando una visi\u00f3n de futuro optimista.<\/p>\n<p>\u00a1Os animamos a que lo le\u00e1is!<br \/>\n<a href=\"http:\/\/www.elperiodico.com\/es\/noticias\/opinion\/tranvia-quiere-millones-usuarios-6132949\">http:\/\/www.elperiodico.com\/es\/noticias\/opinion\/tranvia-quiere-millones-usuarios-6132949<\/a><\/p>\n<p>&nbsp;<\/p>\n","protected":false},"excerpt":{"rendered":"<p>La Arquitecta Olga Guday escribi\u00f3 para el diario \u00abel Peri\u00f3dico\u00bb, el d\u00eda 28 de junio. El art\u00edculo de opini\u00f3n sobre el Tranv\u00eda en Barcelona surg\u00eda a ra\u00edz de la publicaci\u00f3n del informe de la ATM (Autoridad del Transporte Metropolitano), que propon\u00eda cuatro opciones sobre c\u00f3mo se articular\u00e1 la parte central de conexi\u00f3n de los dos [&hellip;]<\/p>\n","protected":false},"author":3,"featured_media":2677,"comment_status":"closed","ping_status":"closed","sticky":false,"template":"","format":"standard","meta":{"_et_pb_use_builder":"","_et_pb_old_content":"","_et_gb_content_width":""},"categories":[30,31,39,36],"tags":[152,154,156],"acf":[],"yoast_head":"<!-- This site is optimized with the Yoast SEO plugin v19.10 - https:\/\/yoast.com\/wordpress\/plugins\/seo\/ -->\n<title>Art\u00edculo de opini\u00f3n sobre el tranv\u00eda en Barcelona por Olga Guday<\/title>\n<meta name=\"description\" content=\"Art\u00edculo de opini\u00f3n sobre el tranv\u00eda en Barcelona despu\u00e9s de la publicaci\u00f3n del informe de la ATM que propone 4 opciones sobre la parte central de conexi\u00f3n de los dos tramos del tranv\u00eda ya ejecutados por la Diagonal, entre la plaza de les Glorias y la plaza de Francesc Maci\u00e0.\" \/>\n<meta name=\"robots\" content=\"index, follow, max-snippet:-1, max-image-preview:large, max-video-preview:-1\" \/>\n<link rel=\"canonical\" href=\"https:\/\/gudayterreros.com\/es\/blog\/articulo-opinion-tramvia-diagonal-barcelona-olga-guday\/\" \/>\n<meta property=\"og:locale\" content=\"es_ES\" \/>\n<meta property=\"og:type\" content=\"article\" \/>\n<meta property=\"og:title\" content=\"Art\u00edculo de opini\u00f3n sobre el tranv\u00eda en Barcelona por Olga Guday\" \/>\n<meta property=\"og:description\" content=\"Art\u00edculo de opini\u00f3n sobre el tranv\u00eda en Barcelona despu\u00e9s de la publicaci\u00f3n del informe de la ATM que propone 4 opciones sobre la parte central de conexi\u00f3n de los dos tramos del tranv\u00eda ya ejecutados por la Diagonal, entre la plaza de les Glorias y la plaza de Francesc Maci\u00e0.\" \/>\n<meta property=\"og:url\" content=\"https:\/\/gudayterreros.com\/es\/blog\/articulo-opinion-tramvia-diagonal-barcelona-olga-guday\/\" \/>\n<meta property=\"og:site_name\" content=\"Guday Terreros\" \/>\n<meta property=\"article:published_time\" content=\"2017-07-05T12:26:33+00:00\" \/>\n<meta property=\"article:modified_time\" content=\"2021-12-21T12:47:13+00:00\" \/>\n<meta property=\"og:image\" content=\"https:\/\/gudayterreros.com\/wp-content\/uploads\/2017\/07\/articulo-opinion-urbanismo-tranvia-olga-guday-LR-scaled.jpg\" \/>\n\t<meta property=\"og:image:width\" content=\"2560\" \/>\n\t<meta property=\"og:image:height\" content=\"1707\" \/>\n\t<meta property=\"og:image:type\" content=\"image\/jpeg\" \/>\n<meta name=\"author\" content=\"Olga Guday\" \/>\n<meta name=\"twitter:card\" content=\"summary_large_image\" \/>\n<meta name=\"twitter:label1\" content=\"Escrito por\" \/>\n\t<meta name=\"twitter:data1\" content=\"Olga Guday\" \/>\n\t<meta name=\"twitter:label2\" content=\"Tiempo de lectura\" \/>\n\t<meta name=\"twitter:data2\" content=\"1 minuto\" \/>\n<script type=\"application\/ld+json\" class=\"yoast-schema-graph\">{\"@context\":\"https:\/\/schema.org\",\"@graph\":[{\"@type\":\"WebPage\",\"@id\":\"https:\/\/gudayterreros.com\/es\/blog\/articulo-opinion-tramvia-diagonal-barcelona-olga-guday\/\",\"url\":\"https:\/\/gudayterreros.com\/es\/blog\/articulo-opinion-tramvia-diagonal-barcelona-olga-guday\/\",\"name\":\"Art\u00edculo de opini\u00f3n sobre el tranv\u00eda en Barcelona por Olga Guday\",\"isPartOf\":{\"@id\":\"https:\/\/gudayterreros.com\/es\/#website\"},\"datePublished\":\"2017-07-05T12:26:33+00:00\",\"dateModified\":\"2021-12-21T12:47:13+00:00\",\"author\":{\"@id\":\"https:\/\/gudayterreros.com\/es\/#\/schema\/person\/a1e92ba93019e21b140b4019298292d0\"},\"description\":\"Art\u00edculo de opini\u00f3n sobre el tranv\u00eda en Barcelona despu\u00e9s de la publicaci\u00f3n del informe de la ATM que propone 4 opciones sobre la parte central de conexi\u00f3n de los dos tramos del tranv\u00eda ya ejecutados por la Diagonal, entre la plaza de les Glorias y la plaza de Francesc Maci\u00e0.\",\"breadcrumb\":{\"@id\":\"https:\/\/gudayterreros.com\/es\/blog\/articulo-opinion-tramvia-diagonal-barcelona-olga-guday\/#breadcrumb\"},\"inLanguage\":\"es\",\"potentialAction\":[{\"@type\":\"ReadAction\",\"target\":[\"https:\/\/gudayterreros.com\/es\/blog\/articulo-opinion-tramvia-diagonal-barcelona-olga-guday\/\"]}]},{\"@type\":\"BreadcrumbList\",\"@id\":\"https:\/\/gudayterreros.com\/es\/blog\/articulo-opinion-tramvia-diagonal-barcelona-olga-guday\/#breadcrumb\",\"itemListElement\":[{\"@type\":\"ListItem\",\"position\":1,\"name\":\"Portada\",\"item\":\"https:\/\/gudayterreros.com\/es\/\"},{\"@type\":\"ListItem\",\"position\":2,\"name\":\"Art\u00edculo de opini\u00f3n sobre el tranv\u00eda en la Diagonal de Barcelona, por Olga Guday\"}]},{\"@type\":\"WebSite\",\"@id\":\"https:\/\/gudayterreros.com\/es\/#website\",\"url\":\"https:\/\/gudayterreros.com\/es\/\",\"name\":\"Guday Terreros\",\"description\":\"Despacho Arquitectura\",\"potentialAction\":[{\"@type\":\"SearchAction\",\"target\":{\"@type\":\"EntryPoint\",\"urlTemplate\":\"https:\/\/gudayterreros.com\/es\/?s={search_term_string}\"},\"query-input\":\"required name=search_term_string\"}],\"inLanguage\":\"es\"},{\"@type\":\"Person\",\"@id\":\"https:\/\/gudayterreros.com\/es\/#\/schema\/person\/a1e92ba93019e21b140b4019298292d0\",\"name\":\"Olga Guday\",\"image\":{\"@type\":\"ImageObject\",\"inLanguage\":\"es\",\"@id\":\"https:\/\/gudayterreros.com\/es\/#\/schema\/person\/image\/\",\"url\":\"https:\/\/secure.gravatar.com\/avatar\/bbda4b117f22d5ebf586a2f73d699f4b?s=96&d=mm&r=g\",\"contentUrl\":\"https:\/\/secure.gravatar.com\/avatar\/bbda4b117f22d5ebf586a2f73d699f4b?s=96&d=mm&r=g\",\"caption\":\"Olga Guday\"},\"url\":\"https:\/\/gudayterreros.com\/es\/blog\/author\/adminguday\/\"}]}<\/script>\n<!-- \/ Yoast SEO plugin. -->","yoast_head_json":{"title":"Art\u00edculo de opini\u00f3n sobre el tranv\u00eda en Barcelona por Olga Guday","description":"Art\u00edculo de opini\u00f3n sobre el tranv\u00eda en Barcelona despu\u00e9s de la publicaci\u00f3n del informe de la ATM que propone 4 opciones sobre la parte central de conexi\u00f3n de los dos tramos del tranv\u00eda ya ejecutados por la Diagonal, entre la plaza de les Glorias y la plaza de Francesc Maci\u00e0.","robots":{"index":"index","follow":"follow","max-snippet":"max-snippet:-1","max-image-preview":"max-image-preview:large","max-video-preview":"max-video-preview:-1"},"canonical":"https:\/\/gudayterreros.com\/es\/blog\/articulo-opinion-tramvia-diagonal-barcelona-olga-guday\/","og_locale":"es_ES","og_type":"article","og_title":"Art\u00edculo de opini\u00f3n sobre el tranv\u00eda en Barcelona por Olga Guday","og_description":"Art\u00edculo de opini\u00f3n sobre el tranv\u00eda en Barcelona despu\u00e9s de la publicaci\u00f3n del informe de la ATM que propone 4 opciones sobre la parte central de conexi\u00f3n de los dos tramos del tranv\u00eda ya ejecutados por la Diagonal, entre la plaza de les Glorias y la plaza de Francesc Maci\u00e0.","og_url":"https:\/\/gudayterreros.com\/es\/blog\/articulo-opinion-tramvia-diagonal-barcelona-olga-guday\/","og_site_name":"Guday Terreros","article_published_time":"2017-07-05T12:26:33+00:00","article_modified_time":"2021-12-21T12:47:13+00:00","og_image":[{"width":2560,"height":1707,"url":"https:\/\/gudayterreros.com\/wp-content\/uploads\/2017\/07\/articulo-opinion-urbanismo-tranvia-olga-guday-LR-scaled.jpg","type":"image\/jpeg"}],"author":"Olga Guday","twitter_card":"summary_large_image","twitter_misc":{"Escrito por":"Olga Guday","Tiempo de lectura":"1 minuto"},"schema":{"@context":"https:\/\/schema.org","@graph":[{"@type":"WebPage","@id":"https:\/\/gudayterreros.com\/es\/blog\/articulo-opinion-tramvia-diagonal-barcelona-olga-guday\/","url":"https:\/\/gudayterreros.com\/es\/blog\/articulo-opinion-tramvia-diagonal-barcelona-olga-guday\/","name":"Art\u00edculo de opini\u00f3n sobre el tranv\u00eda en Barcelona por Olga Guday","isPartOf":{"@id":"https:\/\/gudayterreros.com\/es\/#website"},"datePublished":"2017-07-05T12:26:33+00:00","dateModified":"2021-12-21T12:47:13+00:00","author":{"@id":"https:\/\/gudayterreros.com\/es\/#\/schema\/person\/a1e92ba93019e21b140b4019298292d0"},"description":"Art\u00edculo de opini\u00f3n sobre el tranv\u00eda en Barcelona despu\u00e9s de la publicaci\u00f3n del informe de la ATM que propone 4 opciones sobre la parte central de conexi\u00f3n de los dos tramos del tranv\u00eda ya ejecutados por la Diagonal, entre la plaza de les Glorias y la plaza de Francesc Maci\u00e0.","breadcrumb":{"@id":"https:\/\/gudayterreros.com\/es\/blog\/articulo-opinion-tramvia-diagonal-barcelona-olga-guday\/#breadcrumb"},"inLanguage":"es","potentialAction":[{"@type":"ReadAction","target":["https:\/\/gudayterreros.com\/es\/blog\/articulo-opinion-tramvia-diagonal-barcelona-olga-guday\/"]}]},{"@type":"BreadcrumbList","@id":"https:\/\/gudayterreros.com\/es\/blog\/articulo-opinion-tramvia-diagonal-barcelona-olga-guday\/#breadcrumb","itemListElement":[{"@type":"ListItem","position":1,"name":"Portada","item":"https:\/\/gudayterreros.com\/es\/"},{"@type":"ListItem","position":2,"name":"Art\u00edculo de opini\u00f3n sobre el tranv\u00eda en la Diagonal de Barcelona, por Olga Guday"}]},{"@type":"WebSite","@id":"https:\/\/gudayterreros.com\/es\/#website","url":"https:\/\/gudayterreros.com\/es\/","name":"Guday Terreros","description":"Despacho Arquitectura","potentialAction":[{"@type":"SearchAction","target":{"@type":"EntryPoint","urlTemplate":"https:\/\/gudayterreros.com\/es\/?s={search_term_string}"},"query-input":"required name=search_term_string"}],"inLanguage":"es"},{"@type":"Person","@id":"https:\/\/gudayterreros.com\/es\/#\/schema\/person\/a1e92ba93019e21b140b4019298292d0","name":"Olga Guday","image":{"@type":"ImageObject","inLanguage":"es","@id":"https:\/\/gudayterreros.com\/es\/#\/schema\/person\/image\/","url":"https:\/\/secure.gravatar.com\/avatar\/bbda4b117f22d5ebf586a2f73d699f4b?s=96&d=mm&r=g","contentUrl":"https:\/\/secure.gravatar.com\/avatar\/bbda4b117f22d5ebf586a2f73d699f4b?s=96&d=mm&r=g","caption":"Olga Guday"},"url":"https:\/\/gudayterreros.com\/es\/blog\/author\/adminguday\/"}]}},"_links":{"self":[{"href":"https:\/\/gudayterreros.com\/es\/wp-json\/wp\/v2\/posts\/927"}],"collection":[{"href":"https:\/\/gudayterreros.com\/es\/wp-json\/wp\/v2\/posts"}],"about":[{"href":"https:\/\/gudayterreros.com\/es\/wp-json\/wp\/v2\/types\/post"}],"author":[{"embeddable":true,"href":"https:\/\/gudayterreros.com\/es\/wp-json\/wp\/v2\/users\/3"}],"replies":[{"embeddable":true,"href":"https:\/\/gudayterreros.com\/es\/wp-json\/wp\/v2\/comments?post=927"}],"version-history":[{"count":4,"href":"https:\/\/gudayterreros.com\/es\/wp-json\/wp\/v2\/posts\/927\/revisions"}],"predecessor-version":[{"id":4329,"href":"https:\/\/gudayterreros.com\/es\/wp-json\/wp\/v2\/posts\/927\/revisions\/4329"}],"wp:featuredmedia":[{"embeddable":true,"href":"https:\/\/gudayterreros.com\/es\/wp-json\/wp\/v2\/media\/2677"}],"wp:attachment":[{"href":"https:\/\/gudayterreros.com\/es\/wp-json\/wp\/v2\/media?parent=927"}],"wp:term":[{"taxonomy":"category","embeddable":true,"href":"https:\/\/gudayterreros.com\/es\/wp-json\/wp\/v2\/categories?post=927"},{"taxonomy":"post_tag","embeddable":true,"href":"https:\/\/gudayterreros.com\/es\/wp-json\/wp\/v2\/tags?post=927"}],"curies":[{"name":"wp","href":"https:\/\/api.w.org\/{rel}","templated":true}]}}