{"id":908,"date":"2017-07-04T18:00:13","date_gmt":"2017-07-04T18:00:13","guid":{"rendered":"http:\/\/welovewebs.com\/dev\/guday\/blog\/futur-preso-model-superilla-eixample-barcelona\/"},"modified":"2021-12-21T12:47:39","modified_gmt":"2021-12-21T12:47:39","slug":"futur-preso-model-superilla-eixample-barcelona-2","status":"publish","type":"post","link":"https:\/\/gudayterreros.com\/es\/blog\/futur-preso-model-superilla-eixample-barcelona-2\/","title":{"rendered":"Art\u00edculo de Opini\u00f3n sobre el futuro de la C\u00e1rcel Modelo y la supermanzana del Eixample de Barcelona, por Olga Guday"},"content":{"rendered":"<p>El pasado 4 de junio de 2017, la Arquitecta Olga Guday comenzaba su colaboraci\u00f3n con el diario \u00abel Peri\u00f3dico\u00bb.<\/p>\n<p>El art\u00edculo de opini\u00f3n surg\u00eda a ra\u00edz de la salida del \u00faltimo interno de la C\u00e1rcel Modelo de Barcelona y el debate abierto sobre el futuro de este edificio tan emblem\u00e1tico y representativo de los grandes acontecimientos hist\u00f3ricos de la ciudad de Barcelona y de Catalu\u00f1a, y que han marcado el transcurso del s. XX.<\/p>\n<p>La Arquitecta hace una propuesta arquitect\u00f3nica y urban\u00edstica con visi\u00f3n de futuro.<\/p>\n<p><img loading=\"lazy\" class=\"aligncenter wp-image-4211 size-full\" src=\"https:\/\/gudayterreros.com\/wp-content\/uploads\/2017\/07\/Bosc-article-olga-guday-el-periodico-2LR-1024x679-1.jpeg\" alt=\"\" width=\"1024\" height=\"679\" srcset=\"https:\/\/gudayterreros.com\/wp-content\/uploads\/2017\/07\/Bosc-article-olga-guday-el-periodico-2LR-1024x679-1.jpeg 1024w, https:\/\/gudayterreros.com\/wp-content\/uploads\/2017\/07\/Bosc-article-olga-guday-el-periodico-2LR-1024x679-1-980x650.jpeg 980w, https:\/\/gudayterreros.com\/wp-content\/uploads\/2017\/07\/Bosc-article-olga-guday-el-periodico-2LR-1024x679-1-480x318.jpeg 480w\" sizes=\"(min-width: 0px) and (max-width: 480px) 480px, (min-width: 481px) and (max-width: 980px) 980px, (min-width: 981px) 1024px, 100vw\" \/><\/p>\n<p>\u00a1Os animamos a que lo le\u00e1is!<br \/>\n<a href=\"http:\/\/www.elperiodico.com\/es\/noticias\/opinion\/carcel-modelo-bosque-libertad-expresion-6081463\">http:\/\/www.elperiodico.com\/es\/noticias\/opinion\/carcel-modelo-bosque-libertad-expresion-6081463<\/a><\/p>\n<p>&nbsp;<\/p>\n<p>&nbsp;<\/p>\n<p>&nbsp;<\/p>\n","protected":false},"excerpt":{"rendered":"<p>El pasado 4 de junio de 2017, la Arquitecta Olga Guday comenzaba su colaboraci\u00f3n con el diario \u00abel Peri\u00f3dico\u00bb. El art\u00edculo de opini\u00f3n surg\u00eda a ra\u00edz de la salida del \u00faltimo interno de la C\u00e1rcel Modelo de Barcelona y el debate abierto sobre el futuro de este edificio tan emblem\u00e1tico y representativo de los grandes [&hellip;]<\/p>\n","protected":false},"author":3,"featured_media":4216,"comment_status":"closed","ping_status":"closed","sticky":false,"template":"","format":"standard","meta":{"_et_pb_use_builder":"","_et_pb_old_content":"","_et_gb_content_width":""},"categories":[30,31,36],"tags":[152,108,154,156],"acf":[],"yoast_head":"<!-- This site is optimized with the Yoast SEO plugin v19.10 - https:\/\/yoast.com\/wordpress\/plugins\/seo\/ -->\n<title>Art\u00edculo de opini\u00f3n sobre Urbanismo: el futuro de la C\u00e1rcel Modelo de Barcelona<\/title>\n<meta name=\"description\" content=\"El Peri\u00f3dico encarg\u00f3 un art\u00edculo de opini\u00f3n sobre Urbanismo, a la Arquitecta Olga Guday, quien hace una propuesta de futuro para la supermanzana, donde ahora hay la C\u00e1rcel Modelo de Barcelona, para que se transforme en un Bosque urbano\" \/>\n<meta name=\"robots\" content=\"index, follow, max-snippet:-1, max-image-preview:large, max-video-preview:-1\" \/>\n<link rel=\"canonical\" href=\"https:\/\/gudayterreros.com\/es\/blog\/futur-preso-model-superilla-eixample-barcelona-2\/\" \/>\n<meta property=\"og:locale\" content=\"es_ES\" \/>\n<meta property=\"og:type\" content=\"article\" \/>\n<meta property=\"og:title\" content=\"Art\u00edculo de opini\u00f3n sobre Urbanismo: el futuro de la C\u00e1rcel Modelo de Barcelona\" \/>\n<meta property=\"og:description\" content=\"El Peri\u00f3dico encarg\u00f3 un art\u00edculo de opini\u00f3n sobre Urbanismo, a la Arquitecta Olga Guday, quien hace una propuesta de futuro para la supermanzana, donde ahora hay la C\u00e1rcel Modelo de Barcelona, para que se transforme en un Bosque urbano\" \/>\n<meta property=\"og:url\" content=\"https:\/\/gudayterreros.com\/es\/blog\/futur-preso-model-superilla-eixample-barcelona-2\/\" \/>\n<meta property=\"og:site_name\" content=\"Guday Terreros\" \/>\n<meta property=\"article:published_time\" content=\"2017-07-04T18:00:13+00:00\" \/>\n<meta property=\"article:modified_time\" content=\"2021-12-21T12:47:39+00:00\" \/>\n<meta property=\"og:image\" content=\"https:\/\/gudayterreros.com\/wp-content\/uploads\/2017\/07\/articulo-opinion-olga-guday-elperiodico-carcel-scaled.jpeg\" \/>\n\t<meta property=\"og:image:width\" content=\"2560\" \/>\n\t<meta property=\"og:image:height\" content=\"1438\" \/>\n\t<meta property=\"og:image:type\" content=\"image\/jpeg\" \/>\n<meta name=\"author\" content=\"Olga Guday\" \/>\n<meta name=\"twitter:card\" content=\"summary_large_image\" \/>\n<meta name=\"twitter:label1\" content=\"Escrito por\" \/>\n\t<meta name=\"twitter:data1\" content=\"Olga Guday\" \/>\n\t<meta name=\"twitter:label2\" content=\"Tiempo de lectura\" \/>\n\t<meta name=\"twitter:data2\" content=\"1 minuto\" \/>\n<script type=\"application\/ld+json\" class=\"yoast-schema-graph\">{\"@context\":\"https:\/\/schema.org\",\"@graph\":[{\"@type\":\"WebPage\",\"@id\":\"https:\/\/gudayterreros.com\/es\/blog\/futur-preso-model-superilla-eixample-barcelona-2\/\",\"url\":\"https:\/\/gudayterreros.com\/es\/blog\/futur-preso-model-superilla-eixample-barcelona-2\/\",\"name\":\"Art\u00edculo de opini\u00f3n sobre Urbanismo: el futuro de la C\u00e1rcel Modelo de Barcelona\",\"isPartOf\":{\"@id\":\"https:\/\/gudayterreros.com\/es\/#website\"},\"datePublished\":\"2017-07-04T18:00:13+00:00\",\"dateModified\":\"2021-12-21T12:47:39+00:00\",\"author\":{\"@id\":\"https:\/\/gudayterreros.com\/es\/#\/schema\/person\/a1e92ba93019e21b140b4019298292d0\"},\"description\":\"El Peri\u00f3dico encarg\u00f3 un art\u00edculo de opini\u00f3n sobre Urbanismo, a la Arquitecta Olga Guday, quien hace una propuesta de futuro para la supermanzana, donde ahora hay la C\u00e1rcel Modelo de Barcelona, para que se transforme en un Bosque urbano\",\"breadcrumb\":{\"@id\":\"https:\/\/gudayterreros.com\/es\/blog\/futur-preso-model-superilla-eixample-barcelona-2\/#breadcrumb\"},\"inLanguage\":\"es\",\"potentialAction\":[{\"@type\":\"ReadAction\",\"target\":[\"https:\/\/gudayterreros.com\/es\/blog\/futur-preso-model-superilla-eixample-barcelona-2\/\"]}]},{\"@type\":\"BreadcrumbList\",\"@id\":\"https:\/\/gudayterreros.com\/es\/blog\/futur-preso-model-superilla-eixample-barcelona-2\/#breadcrumb\",\"itemListElement\":[{\"@type\":\"ListItem\",\"position\":1,\"name\":\"Portada\",\"item\":\"https:\/\/gudayterreros.com\/es\/\"},{\"@type\":\"ListItem\",\"position\":2,\"name\":\"Art\u00edculo de Opini\u00f3n sobre el futuro de la C\u00e1rcel Modelo y la supermanzana del Eixample de Barcelona, por Olga Guday\"}]},{\"@type\":\"WebSite\",\"@id\":\"https:\/\/gudayterreros.com\/es\/#website\",\"url\":\"https:\/\/gudayterreros.com\/es\/\",\"name\":\"Guday Terreros\",\"description\":\"Despacho Arquitectura\",\"potentialAction\":[{\"@type\":\"SearchAction\",\"target\":{\"@type\":\"EntryPoint\",\"urlTemplate\":\"https:\/\/gudayterreros.com\/es\/?s={search_term_string}\"},\"query-input\":\"required name=search_term_string\"}],\"inLanguage\":\"es\"},{\"@type\":\"Person\",\"@id\":\"https:\/\/gudayterreros.com\/es\/#\/schema\/person\/a1e92ba93019e21b140b4019298292d0\",\"name\":\"Olga Guday\",\"image\":{\"@type\":\"ImageObject\",\"inLanguage\":\"es\",\"@id\":\"https:\/\/gudayterreros.com\/es\/#\/schema\/person\/image\/\",\"url\":\"https:\/\/secure.gravatar.com\/avatar\/bbda4b117f22d5ebf586a2f73d699f4b?s=96&d=mm&r=g\",\"contentUrl\":\"https:\/\/secure.gravatar.com\/avatar\/bbda4b117f22d5ebf586a2f73d699f4b?s=96&d=mm&r=g\",\"caption\":\"Olga Guday\"},\"url\":\"https:\/\/gudayterreros.com\/es\/blog\/author\/adminguday\/\"}]}<\/script>\n<!-- \/ Yoast SEO plugin. -->","yoast_head_json":{"title":"Art\u00edculo de opini\u00f3n sobre Urbanismo: el futuro de la C\u00e1rcel Modelo de Barcelona","description":"El Peri\u00f3dico encarg\u00f3 un art\u00edculo de opini\u00f3n sobre Urbanismo, a la Arquitecta Olga Guday, quien hace una propuesta de futuro para la supermanzana, donde ahora hay la C\u00e1rcel Modelo de Barcelona, para que se transforme en un Bosque urbano","robots":{"index":"index","follow":"follow","max-snippet":"max-snippet:-1","max-image-preview":"max-image-preview:large","max-video-preview":"max-video-preview:-1"},"canonical":"https:\/\/gudayterreros.com\/es\/blog\/futur-preso-model-superilla-eixample-barcelona-2\/","og_locale":"es_ES","og_type":"article","og_title":"Art\u00edculo de opini\u00f3n sobre Urbanismo: el futuro de la C\u00e1rcel Modelo de Barcelona","og_description":"El Peri\u00f3dico encarg\u00f3 un art\u00edculo de opini\u00f3n sobre Urbanismo, a la Arquitecta Olga Guday, quien hace una propuesta de futuro para la supermanzana, donde ahora hay la C\u00e1rcel Modelo de Barcelona, para que se transforme en un Bosque urbano","og_url":"https:\/\/gudayterreros.com\/es\/blog\/futur-preso-model-superilla-eixample-barcelona-2\/","og_site_name":"Guday Terreros","article_published_time":"2017-07-04T18:00:13+00:00","article_modified_time":"2021-12-21T12:47:39+00:00","og_image":[{"width":2560,"height":1438,"url":"https:\/\/gudayterreros.com\/wp-content\/uploads\/2017\/07\/articulo-opinion-olga-guday-elperiodico-carcel-scaled.jpeg","type":"image\/jpeg"}],"author":"Olga Guday","twitter_card":"summary_large_image","twitter_misc":{"Escrito por":"Olga Guday","Tiempo de lectura":"1 minuto"},"schema":{"@context":"https:\/\/schema.org","@graph":[{"@type":"WebPage","@id":"https:\/\/gudayterreros.com\/es\/blog\/futur-preso-model-superilla-eixample-barcelona-2\/","url":"https:\/\/gudayterreros.com\/es\/blog\/futur-preso-model-superilla-eixample-barcelona-2\/","name":"Art\u00edculo de opini\u00f3n sobre Urbanismo: el futuro de la C\u00e1rcel Modelo de Barcelona","isPartOf":{"@id":"https:\/\/gudayterreros.com\/es\/#website"},"datePublished":"2017-07-04T18:00:13+00:00","dateModified":"2021-12-21T12:47:39+00:00","author":{"@id":"https:\/\/gudayterreros.com\/es\/#\/schema\/person\/a1e92ba93019e21b140b4019298292d0"},"description":"El Peri\u00f3dico encarg\u00f3 un art\u00edculo de opini\u00f3n sobre Urbanismo, a la Arquitecta Olga Guday, quien hace una propuesta de futuro para la supermanzana, donde ahora hay la C\u00e1rcel Modelo de Barcelona, para que se transforme en un Bosque urbano","breadcrumb":{"@id":"https:\/\/gudayterreros.com\/es\/blog\/futur-preso-model-superilla-eixample-barcelona-2\/#breadcrumb"},"inLanguage":"es","potentialAction":[{"@type":"ReadAction","target":["https:\/\/gudayterreros.com\/es\/blog\/futur-preso-model-superilla-eixample-barcelona-2\/"]}]},{"@type":"BreadcrumbList","@id":"https:\/\/gudayterreros.com\/es\/blog\/futur-preso-model-superilla-eixample-barcelona-2\/#breadcrumb","itemListElement":[{"@type":"ListItem","position":1,"name":"Portada","item":"https:\/\/gudayterreros.com\/es\/"},{"@type":"ListItem","position":2,"name":"Art\u00edculo de Opini\u00f3n sobre el futuro de la C\u00e1rcel Modelo y la supermanzana del Eixample de Barcelona, por Olga Guday"}]},{"@type":"WebSite","@id":"https:\/\/gudayterreros.com\/es\/#website","url":"https:\/\/gudayterreros.com\/es\/","name":"Guday Terreros","description":"Despacho Arquitectura","potentialAction":[{"@type":"SearchAction","target":{"@type":"EntryPoint","urlTemplate":"https:\/\/gudayterreros.com\/es\/?s={search_term_string}"},"query-input":"required name=search_term_string"}],"inLanguage":"es"},{"@type":"Person","@id":"https:\/\/gudayterreros.com\/es\/#\/schema\/person\/a1e92ba93019e21b140b4019298292d0","name":"Olga Guday","image":{"@type":"ImageObject","inLanguage":"es","@id":"https:\/\/gudayterreros.com\/es\/#\/schema\/person\/image\/","url":"https:\/\/secure.gravatar.com\/avatar\/bbda4b117f22d5ebf586a2f73d699f4b?s=96&d=mm&r=g","contentUrl":"https:\/\/secure.gravatar.com\/avatar\/bbda4b117f22d5ebf586a2f73d699f4b?s=96&d=mm&r=g","caption":"Olga Guday"},"url":"https:\/\/gudayterreros.com\/es\/blog\/author\/adminguday\/"}]}},"_links":{"self":[{"href":"https:\/\/gudayterreros.com\/es\/wp-json\/wp\/v2\/posts\/908"}],"collection":[{"href":"https:\/\/gudayterreros.com\/es\/wp-json\/wp\/v2\/posts"}],"about":[{"href":"https:\/\/gudayterreros.com\/es\/wp-json\/wp\/v2\/types\/post"}],"author":[{"embeddable":true,"href":"https:\/\/gudayterreros.com\/es\/wp-json\/wp\/v2\/users\/3"}],"replies":[{"embeddable":true,"href":"https:\/\/gudayterreros.com\/es\/wp-json\/wp\/v2\/comments?post=908"}],"version-history":[{"count":5,"href":"https:\/\/gudayterreros.com\/es\/wp-json\/wp\/v2\/posts\/908\/revisions"}],"predecessor-version":[{"id":4330,"href":"https:\/\/gudayterreros.com\/es\/wp-json\/wp\/v2\/posts\/908\/revisions\/4330"}],"wp:featuredmedia":[{"embeddable":true,"href":"https:\/\/gudayterreros.com\/es\/wp-json\/wp\/v2\/media\/4216"}],"wp:attachment":[{"href":"https:\/\/gudayterreros.com\/es\/wp-json\/wp\/v2\/media?parent=908"}],"wp:term":[{"taxonomy":"category","embeddable":true,"href":"https:\/\/gudayterreros.com\/es\/wp-json\/wp\/v2\/categories?post=908"},{"taxonomy":"post_tag","embeddable":true,"href":"https:\/\/gudayterreros.com\/es\/wp-json\/wp\/v2\/tags?post=908"}],"curies":[{"name":"wp","href":"https:\/\/api.w.org\/{rel}","templated":true}]}}