{"id":2393,"date":"2020-05-26T13:10:48","date_gmt":"2020-05-26T13:10:48","guid":{"rendered":"https:\/\/gudayterreros.com\/blog\/webinar-proteccio-centre-medic-covid\/"},"modified":"2021-12-20T22:17:39","modified_gmt":"2021-12-20T22:17:39","slug":"webinar-proteccion-centro-medico-covid","status":"publish","type":"post","link":"https:\/\/gudayterreros.com\/es\/blog\/webinar-proteccion-centro-medico-covid\/","title":{"rendered":"Webinar: \u00abProtecci\u00f3n y prevenci\u00f3n en Centros M\u00e9dicos frente el Covid-19 \u00ab, v\u00eda el Colegio de M\u00e9dicos"},"content":{"rendered":"\r\n<p class=\"has-medium-font-size\">El pasado lunes, d\u00eda 26 de mayo, la Directora de nuestro despacho, Olga Guday, particip\u00f3 como ponente en el Webinar \u00abProtecci\u00f3n y prevenci\u00f3n para la pr\u00e1ctica profesional en tiempos de Pandemia\u00bb, organizado por el Colegio de M\u00e9dicos de Barcelona y el Instituto de formaci\u00f3n m\u00e9dica y de liderazgo.<\/p>\r\n\r\n\r\n\r\n<p class=\"has-medium-font-size\">Su ponencia pon\u00eda \u00e9nfasis en la parte de c\u00f3mo reorganizar los espacios de los Centros m\u00e9dicos, para evitar la transmisi\u00f3n del virus Covid-19.<\/p>\r\n\r\n\r\n\r\n<p><iframe loading=\"lazy\" title=\"YouTube video player\" src=\"https:\/\/www.youtube.com\/embed\/foVroc14Dv4\" width=\"560\" height=\"315\" frameborder=\"0\" allowfullscreen=\"allowfullscreen\"><\/iframe><\/p>","protected":false},"excerpt":{"rendered":"<p>El pasado lunes, d\u00eda 26 de mayo, la Directora de nuestro despacho, Olga Guday, particip\u00f3 como ponente en el Webinar \u00abProtecci\u00f3n y prevenci\u00f3n para la pr\u00e1ctica profesional en tiempos de Pandemia\u00bb, organizado por el Colegio de M\u00e9dicos de Barcelona y el Instituto de formaci\u00f3n m\u00e9dica y de liderazgo. Su ponencia pon\u00eda \u00e9nfasis en la parte [&hellip;]<\/p>\n","protected":false},"author":3,"featured_media":2621,"comment_status":"closed","ping_status":"closed","sticky":false,"template":"","format":"standard","meta":{"_et_pb_use_builder":"","_et_pb_old_content":"","_et_gb_content_width":""},"categories":[30,75],"tags":[149,150,148,151],"acf":[],"yoast_head":"<!-- This site is optimized with the Yoast SEO plugin v19.10 - https:\/\/yoast.com\/wordpress\/plugins\/seo\/ -->\n<title>Webinar: &quot;Protecci\u00f3n y prevenci\u00f3n en Centros M\u00e9dicos frente el Covid-19 &quot;, v\u00eda el Colegio de M\u00e9dicos - Guday Terreros<\/title>\n<meta name=\"robots\" content=\"index, follow, max-snippet:-1, max-image-preview:large, max-video-preview:-1\" \/>\n<link rel=\"canonical\" href=\"https:\/\/gudayterreros.com\/es\/blog\/webinar-proteccion-centro-medico-covid\/\" \/>\n<meta property=\"og:locale\" content=\"es_ES\" \/>\n<meta property=\"og:type\" content=\"article\" \/>\n<meta property=\"og:title\" content=\"Webinar: &quot;Protecci\u00f3n y prevenci\u00f3n en Centros M\u00e9dicos frente el Covid-19 &quot;, v\u00eda el Colegio de M\u00e9dicos - Guday Terreros\" \/>\n<meta property=\"og:description\" content=\"El pasado lunes, d\u00eda 26 de mayo, la Directora de nuestro despacho, Olga Guday, particip\u00f3 como ponente en el Webinar \u00abProtecci\u00f3n y prevenci\u00f3n para la pr\u00e1ctica profesional en tiempos de Pandemia\u00bb, organizado por el Colegio de M\u00e9dicos de Barcelona y el Instituto de formaci\u00f3n m\u00e9dica y de liderazgo. Su ponencia pon\u00eda \u00e9nfasis en la parte [&hellip;]\" \/>\n<meta property=\"og:url\" content=\"https:\/\/gudayterreros.com\/es\/blog\/webinar-proteccion-centro-medico-covid\/\" \/>\n<meta property=\"og:site_name\" content=\"Guday Terreros\" \/>\n<meta property=\"article:published_time\" content=\"2020-05-26T13:10:48+00:00\" \/>\n<meta property=\"article:modified_time\" content=\"2021-12-20T22:17:39+00:00\" \/>\n<meta property=\"og:image\" content=\"https:\/\/gudayterreros.com\/wp-content\/uploads\/2020\/05\/guday-terreros-collegi-metges-centre-medic-covid-1.jpg\" \/>\n\t<meta property=\"og:image:width\" content=\"1600\" \/>\n\t<meta property=\"og:image:height\" content=\"1600\" \/>\n\t<meta property=\"og:image:type\" content=\"image\/jpeg\" \/>\n<meta name=\"author\" content=\"Olga Guday\" \/>\n<meta name=\"twitter:card\" content=\"summary_large_image\" \/>\n<meta name=\"twitter:label1\" content=\"Escrito por\" \/>\n\t<meta name=\"twitter:data1\" content=\"Olga Guday\" \/>\n\t<meta name=\"twitter:label2\" content=\"Tiempo de lectura\" \/>\n\t<meta name=\"twitter:data2\" content=\"1 minuto\" \/>\n<script type=\"application\/ld+json\" class=\"yoast-schema-graph\">{\"@context\":\"https:\/\/schema.org\",\"@graph\":[{\"@type\":\"WebPage\",\"@id\":\"https:\/\/gudayterreros.com\/es\/blog\/webinar-proteccion-centro-medico-covid\/\",\"url\":\"https:\/\/gudayterreros.com\/es\/blog\/webinar-proteccion-centro-medico-covid\/\",\"name\":\"Webinar: \\\"Protecci\u00f3n y prevenci\u00f3n en Centros M\u00e9dicos frente el Covid-19 \\\", v\u00eda el Colegio de M\u00e9dicos - Guday Terreros\",\"isPartOf\":{\"@id\":\"https:\/\/gudayterreros.com\/es\/#website\"},\"datePublished\":\"2020-05-26T13:10:48+00:00\",\"dateModified\":\"2021-12-20T22:17:39+00:00\",\"author\":{\"@id\":\"https:\/\/gudayterreros.com\/es\/#\/schema\/person\/a1e92ba93019e21b140b4019298292d0\"},\"breadcrumb\":{\"@id\":\"https:\/\/gudayterreros.com\/es\/blog\/webinar-proteccion-centro-medico-covid\/#breadcrumb\"},\"inLanguage\":\"es\",\"potentialAction\":[{\"@type\":\"ReadAction\",\"target\":[\"https:\/\/gudayterreros.com\/es\/blog\/webinar-proteccion-centro-medico-covid\/\"]}]},{\"@type\":\"BreadcrumbList\",\"@id\":\"https:\/\/gudayterreros.com\/es\/blog\/webinar-proteccion-centro-medico-covid\/#breadcrumb\",\"itemListElement\":[{\"@type\":\"ListItem\",\"position\":1,\"name\":\"Portada\",\"item\":\"https:\/\/gudayterreros.com\/es\/\"},{\"@type\":\"ListItem\",\"position\":2,\"name\":\"Webinar: \u00abProtecci\u00f3n y prevenci\u00f3n en Centros M\u00e9dicos frente el Covid-19 \u00ab, v\u00eda el Colegio de M\u00e9dicos\"}]},{\"@type\":\"WebSite\",\"@id\":\"https:\/\/gudayterreros.com\/es\/#website\",\"url\":\"https:\/\/gudayterreros.com\/es\/\",\"name\":\"Guday Terreros\",\"description\":\"Despacho Arquitectura\",\"potentialAction\":[{\"@type\":\"SearchAction\",\"target\":{\"@type\":\"EntryPoint\",\"urlTemplate\":\"https:\/\/gudayterreros.com\/es\/?s={search_term_string}\"},\"query-input\":\"required name=search_term_string\"}],\"inLanguage\":\"es\"},{\"@type\":\"Person\",\"@id\":\"https:\/\/gudayterreros.com\/es\/#\/schema\/person\/a1e92ba93019e21b140b4019298292d0\",\"name\":\"Olga Guday\",\"image\":{\"@type\":\"ImageObject\",\"inLanguage\":\"es\",\"@id\":\"https:\/\/gudayterreros.com\/es\/#\/schema\/person\/image\/\",\"url\":\"https:\/\/secure.gravatar.com\/avatar\/bbda4b117f22d5ebf586a2f73d699f4b?s=96&d=mm&r=g\",\"contentUrl\":\"https:\/\/secure.gravatar.com\/avatar\/bbda4b117f22d5ebf586a2f73d699f4b?s=96&d=mm&r=g\",\"caption\":\"Olga Guday\"},\"url\":\"https:\/\/gudayterreros.com\/es\/blog\/author\/adminguday\/\"}]}<\/script>\n<!-- \/ Yoast SEO plugin. -->","yoast_head_json":{"title":"Webinar: \"Protecci\u00f3n y prevenci\u00f3n en Centros M\u00e9dicos frente el Covid-19 \", v\u00eda el Colegio de M\u00e9dicos - Guday Terreros","robots":{"index":"index","follow":"follow","max-snippet":"max-snippet:-1","max-image-preview":"max-image-preview:large","max-video-preview":"max-video-preview:-1"},"canonical":"https:\/\/gudayterreros.com\/es\/blog\/webinar-proteccion-centro-medico-covid\/","og_locale":"es_ES","og_type":"article","og_title":"Webinar: \"Protecci\u00f3n y prevenci\u00f3n en Centros M\u00e9dicos frente el Covid-19 \", v\u00eda el Colegio de M\u00e9dicos - Guday Terreros","og_description":"El pasado lunes, d\u00eda 26 de mayo, la Directora de nuestro despacho, Olga Guday, particip\u00f3 como ponente en el Webinar \u00abProtecci\u00f3n y prevenci\u00f3n para la pr\u00e1ctica profesional en tiempos de Pandemia\u00bb, organizado por el Colegio de M\u00e9dicos de Barcelona y el Instituto de formaci\u00f3n m\u00e9dica y de liderazgo. Su ponencia pon\u00eda \u00e9nfasis en la parte [&hellip;]","og_url":"https:\/\/gudayterreros.com\/es\/blog\/webinar-proteccion-centro-medico-covid\/","og_site_name":"Guday Terreros","article_published_time":"2020-05-26T13:10:48+00:00","article_modified_time":"2021-12-20T22:17:39+00:00","og_image":[{"width":1600,"height":1600,"url":"https:\/\/gudayterreros.com\/wp-content\/uploads\/2020\/05\/guday-terreros-collegi-metges-centre-medic-covid-1.jpg","type":"image\/jpeg"}],"author":"Olga Guday","twitter_card":"summary_large_image","twitter_misc":{"Escrito por":"Olga Guday","Tiempo de lectura":"1 minuto"},"schema":{"@context":"https:\/\/schema.org","@graph":[{"@type":"WebPage","@id":"https:\/\/gudayterreros.com\/es\/blog\/webinar-proteccion-centro-medico-covid\/","url":"https:\/\/gudayterreros.com\/es\/blog\/webinar-proteccion-centro-medico-covid\/","name":"Webinar: \"Protecci\u00f3n y prevenci\u00f3n en Centros M\u00e9dicos frente el Covid-19 \", v\u00eda el Colegio de M\u00e9dicos - Guday Terreros","isPartOf":{"@id":"https:\/\/gudayterreros.com\/es\/#website"},"datePublished":"2020-05-26T13:10:48+00:00","dateModified":"2021-12-20T22:17:39+00:00","author":{"@id":"https:\/\/gudayterreros.com\/es\/#\/schema\/person\/a1e92ba93019e21b140b4019298292d0"},"breadcrumb":{"@id":"https:\/\/gudayterreros.com\/es\/blog\/webinar-proteccion-centro-medico-covid\/#breadcrumb"},"inLanguage":"es","potentialAction":[{"@type":"ReadAction","target":["https:\/\/gudayterreros.com\/es\/blog\/webinar-proteccion-centro-medico-covid\/"]}]},{"@type":"BreadcrumbList","@id":"https:\/\/gudayterreros.com\/es\/blog\/webinar-proteccion-centro-medico-covid\/#breadcrumb","itemListElement":[{"@type":"ListItem","position":1,"name":"Portada","item":"https:\/\/gudayterreros.com\/es\/"},{"@type":"ListItem","position":2,"name":"Webinar: \u00abProtecci\u00f3n y prevenci\u00f3n en Centros M\u00e9dicos frente el Covid-19 \u00ab, v\u00eda el Colegio de M\u00e9dicos"}]},{"@type":"WebSite","@id":"https:\/\/gudayterreros.com\/es\/#website","url":"https:\/\/gudayterreros.com\/es\/","name":"Guday Terreros","description":"Despacho Arquitectura","potentialAction":[{"@type":"SearchAction","target":{"@type":"EntryPoint","urlTemplate":"https:\/\/gudayterreros.com\/es\/?s={search_term_string}"},"query-input":"required name=search_term_string"}],"inLanguage":"es"},{"@type":"Person","@id":"https:\/\/gudayterreros.com\/es\/#\/schema\/person\/a1e92ba93019e21b140b4019298292d0","name":"Olga Guday","image":{"@type":"ImageObject","inLanguage":"es","@id":"https:\/\/gudayterreros.com\/es\/#\/schema\/person\/image\/","url":"https:\/\/secure.gravatar.com\/avatar\/bbda4b117f22d5ebf586a2f73d699f4b?s=96&d=mm&r=g","contentUrl":"https:\/\/secure.gravatar.com\/avatar\/bbda4b117f22d5ebf586a2f73d699f4b?s=96&d=mm&r=g","caption":"Olga Guday"},"url":"https:\/\/gudayterreros.com\/es\/blog\/author\/adminguday\/"}]}},"_links":{"self":[{"href":"https:\/\/gudayterreros.com\/es\/wp-json\/wp\/v2\/posts\/2393"}],"collection":[{"href":"https:\/\/gudayterreros.com\/es\/wp-json\/wp\/v2\/posts"}],"about":[{"href":"https:\/\/gudayterreros.com\/es\/wp-json\/wp\/v2\/types\/post"}],"author":[{"embeddable":true,"href":"https:\/\/gudayterreros.com\/es\/wp-json\/wp\/v2\/users\/3"}],"replies":[{"embeddable":true,"href":"https:\/\/gudayterreros.com\/es\/wp-json\/wp\/v2\/comments?post=2393"}],"version-history":[{"count":4,"href":"https:\/\/gudayterreros.com\/es\/wp-json\/wp\/v2\/posts\/2393\/revisions"}],"predecessor-version":[{"id":4108,"href":"https:\/\/gudayterreros.com\/es\/wp-json\/wp\/v2\/posts\/2393\/revisions\/4108"}],"wp:featuredmedia":[{"embeddable":true,"href":"https:\/\/gudayterreros.com\/es\/wp-json\/wp\/v2\/media\/2621"}],"wp:attachment":[{"href":"https:\/\/gudayterreros.com\/es\/wp-json\/wp\/v2\/media?parent=2393"}],"wp:term":[{"taxonomy":"category","embeddable":true,"href":"https:\/\/gudayterreros.com\/es\/wp-json\/wp\/v2\/categories?post=2393"},{"taxonomy":"post_tag","embeddable":true,"href":"https:\/\/gudayterreros.com\/es\/wp-json\/wp\/v2\/tags?post=2393"}],"curies":[{"name":"wp","href":"https:\/\/api.w.org\/{rel}","templated":true}]}}