{"id":2328,"date":"2020-05-20T14:10:21","date_gmt":"2020-05-20T14:10:21","guid":{"rendered":"https:\/\/gudayterreros.com\/blog\/article-ciutats-post-covid-19\/"},"modified":"2021-12-21T12:49:23","modified_gmt":"2021-12-21T12:49:23","slug":"articulo-evolucion-ciudades-tras-pandemia","status":"publish","type":"post","link":"https:\/\/gudayterreros.com\/es\/blog\/articulo-evolucion-ciudades-tras-pandemia\/","title":{"rendered":"Art\u00edculo: \u00abComo cambiar\u00e1n las Ciudades tras el Covid-19\u00bb"},"content":{"rendered":"&#13;\n<p class=\"has-medium-font-size\">Avui dia 20 de maig, la revista online de \u00abHuellas by Sareb\u00bb publica un article amb recull de dades aportades per la Arquitecta i s\u00f2cia del despatx, <strong>Olga Guday<\/strong>.<\/p>&#13;\n&#13;\n<p class=\"has-medium-font-size\">L&#8217;article dona llum sobre les possibles implementacions que es poden fer a les ciutats i als habitatges, de cara a donar millor resposta als reptes que ha plantejat l&#8217;actual pand\u00e8mia, per\u00f2 tamb\u00e9 el canvi clim\u00e0tic.<\/p>&#13;\n&#13;\n<p class=\"has-medium-font-size\">Podeu llegir l&#8217;article complert al seg\u00fcent enlla\u00e7:<\/p>&#13;\n&#13;\n<figure class=\"wp-block-embed-wordpress aligncenter wp-block-embed is-type-wp-embed is-provider-huellas-by-sareb\"><div class=\"wp-block-embed__wrapper\"><a href=\"https:\/\/www.huellasbysareb.es\/en-primera-persona\/ciudades-despues-covid\/\">https:\/\/www.huellasbysareb.es\/en-primera-persona\/ciudades-despues-covid\/<\/a><\/div>&#13;\n<\/figure>","protected":false},"excerpt":{"rendered":"<p>&#13; Avui dia 20 de maig, la revista online de \u00abHuellas by Sareb\u00bb publica un article amb recull de dades aportades per la Arquitecta i s\u00f2cia del despatx, Olga Guday. &#13; &#13; L&#8217;article dona llum sobre les possibles implementacions que es poden fer a les ciutats i als habitatges, de cara a donar millor resposta [&hellip;]<\/p>\n","protected":false},"author":3,"featured_media":2625,"comment_status":"closed","ping_status":"closed","sticky":false,"template":"","format":"standard","meta":{"_et_pb_use_builder":"","_et_pb_old_content":"","_et_gb_content_width":""},"categories":[31],"tags":[149,152,154,155],"acf":[],"yoast_head":"<!-- This site is optimized with the Yoast SEO plugin v19.10 - https:\/\/yoast.com\/wordpress\/plugins\/seo\/ -->\n<title>Art\u00edculo sobre la evoluci\u00f3n de las ciudades tras la pandemia<\/title>\n<meta name=\"description\" content=\"La Arquitecta Olga Guday aporta datos sobre como evolucionaran las ciudades europeas tras el confinamiento de la poblaci\u00f3n.\" \/>\n<meta name=\"robots\" content=\"index, follow, max-snippet:-1, max-image-preview:large, max-video-preview:-1\" \/>\n<link rel=\"canonical\" href=\"https:\/\/gudayterreros.com\/es\/blog\/articulo-evolucion-ciudades-tras-pandemia\/\" \/>\n<meta property=\"og:locale\" content=\"es_ES\" \/>\n<meta property=\"og:type\" content=\"article\" \/>\n<meta property=\"og:title\" content=\"Art\u00edculo sobre la evoluci\u00f3n de las ciudades tras la pandemia\" \/>\n<meta property=\"og:description\" content=\"La Arquitecta Olga Guday aporta datos sobre como evolucionaran las ciudades europeas tras el confinamiento de la poblaci\u00f3n.\" \/>\n<meta property=\"og:url\" content=\"https:\/\/gudayterreros.com\/es\/blog\/articulo-evolucion-ciudades-tras-pandemia\/\" \/>\n<meta property=\"og:site_name\" content=\"Guday Terreros\" \/>\n<meta property=\"article:published_time\" content=\"2020-05-20T14:10:21+00:00\" \/>\n<meta property=\"article:modified_time\" content=\"2021-12-21T12:49:23+00:00\" \/>\n<meta property=\"og:image\" content=\"https:\/\/gudayterreros.com\/wp-content\/uploads\/2020\/05\/planeamiento_urbano_flexible.jpg\" \/>\n\t<meta property=\"og:image:width\" content=\"1000\" \/>\n\t<meta property=\"og:image:height\" content=\"667\" \/>\n\t<meta property=\"og:image:type\" content=\"image\/jpeg\" \/>\n<meta name=\"author\" content=\"Olga Guday\" \/>\n<meta name=\"twitter:card\" content=\"summary_large_image\" \/>\n<meta name=\"twitter:label1\" content=\"Escrito por\" \/>\n\t<meta name=\"twitter:data1\" content=\"Olga Guday\" \/>\n<script type=\"application\/ld+json\" class=\"yoast-schema-graph\">{\"@context\":\"https:\/\/schema.org\",\"@graph\":[{\"@type\":\"WebPage\",\"@id\":\"https:\/\/gudayterreros.com\/es\/blog\/articulo-evolucion-ciudades-tras-pandemia\/\",\"url\":\"https:\/\/gudayterreros.com\/es\/blog\/articulo-evolucion-ciudades-tras-pandemia\/\",\"name\":\"Art\u00edculo sobre la evoluci\u00f3n de las ciudades tras la pandemia\",\"isPartOf\":{\"@id\":\"https:\/\/gudayterreros.com\/es\/#website\"},\"datePublished\":\"2020-05-20T14:10:21+00:00\",\"dateModified\":\"2021-12-21T12:49:23+00:00\",\"author\":{\"@id\":\"https:\/\/gudayterreros.com\/es\/#\/schema\/person\/a1e92ba93019e21b140b4019298292d0\"},\"description\":\"La Arquitecta Olga Guday aporta datos sobre como evolucionaran las ciudades europeas tras el confinamiento de la poblaci\u00f3n.\",\"breadcrumb\":{\"@id\":\"https:\/\/gudayterreros.com\/es\/blog\/articulo-evolucion-ciudades-tras-pandemia\/#breadcrumb\"},\"inLanguage\":\"es\",\"potentialAction\":[{\"@type\":\"ReadAction\",\"target\":[\"https:\/\/gudayterreros.com\/es\/blog\/articulo-evolucion-ciudades-tras-pandemia\/\"]}]},{\"@type\":\"BreadcrumbList\",\"@id\":\"https:\/\/gudayterreros.com\/es\/blog\/articulo-evolucion-ciudades-tras-pandemia\/#breadcrumb\",\"itemListElement\":[{\"@type\":\"ListItem\",\"position\":1,\"name\":\"Portada\",\"item\":\"https:\/\/gudayterreros.com\/es\/\"},{\"@type\":\"ListItem\",\"position\":2,\"name\":\"Art\u00edculo: \u00abComo cambiar\u00e1n las Ciudades tras el Covid-19\u00bb\"}]},{\"@type\":\"WebSite\",\"@id\":\"https:\/\/gudayterreros.com\/es\/#website\",\"url\":\"https:\/\/gudayterreros.com\/es\/\",\"name\":\"Guday Terreros\",\"description\":\"Despacho Arquitectura\",\"potentialAction\":[{\"@type\":\"SearchAction\",\"target\":{\"@type\":\"EntryPoint\",\"urlTemplate\":\"https:\/\/gudayterreros.com\/es\/?s={search_term_string}\"},\"query-input\":\"required name=search_term_string\"}],\"inLanguage\":\"es\"},{\"@type\":\"Person\",\"@id\":\"https:\/\/gudayterreros.com\/es\/#\/schema\/person\/a1e92ba93019e21b140b4019298292d0\",\"name\":\"Olga Guday\",\"image\":{\"@type\":\"ImageObject\",\"inLanguage\":\"es\",\"@id\":\"https:\/\/gudayterreros.com\/es\/#\/schema\/person\/image\/\",\"url\":\"https:\/\/secure.gravatar.com\/avatar\/bbda4b117f22d5ebf586a2f73d699f4b?s=96&d=mm&r=g\",\"contentUrl\":\"https:\/\/secure.gravatar.com\/avatar\/bbda4b117f22d5ebf586a2f73d699f4b?s=96&d=mm&r=g\",\"caption\":\"Olga Guday\"},\"url\":\"https:\/\/gudayterreros.com\/es\/blog\/author\/adminguday\/\"}]}<\/script>\n<!-- \/ Yoast SEO plugin. -->","yoast_head_json":{"title":"Art\u00edculo sobre la evoluci\u00f3n de las ciudades tras la pandemia","description":"La Arquitecta Olga Guday aporta datos sobre como evolucionaran las ciudades europeas tras el confinamiento de la poblaci\u00f3n.","robots":{"index":"index","follow":"follow","max-snippet":"max-snippet:-1","max-image-preview":"max-image-preview:large","max-video-preview":"max-video-preview:-1"},"canonical":"https:\/\/gudayterreros.com\/es\/blog\/articulo-evolucion-ciudades-tras-pandemia\/","og_locale":"es_ES","og_type":"article","og_title":"Art\u00edculo sobre la evoluci\u00f3n de las ciudades tras la pandemia","og_description":"La Arquitecta Olga Guday aporta datos sobre como evolucionaran las ciudades europeas tras el confinamiento de la poblaci\u00f3n.","og_url":"https:\/\/gudayterreros.com\/es\/blog\/articulo-evolucion-ciudades-tras-pandemia\/","og_site_name":"Guday Terreros","article_published_time":"2020-05-20T14:10:21+00:00","article_modified_time":"2021-12-21T12:49:23+00:00","og_image":[{"width":1000,"height":667,"url":"https:\/\/gudayterreros.com\/wp-content\/uploads\/2020\/05\/planeamiento_urbano_flexible.jpg","type":"image\/jpeg"}],"author":"Olga Guday","twitter_card":"summary_large_image","twitter_misc":{"Escrito por":"Olga Guday"},"schema":{"@context":"https:\/\/schema.org","@graph":[{"@type":"WebPage","@id":"https:\/\/gudayterreros.com\/es\/blog\/articulo-evolucion-ciudades-tras-pandemia\/","url":"https:\/\/gudayterreros.com\/es\/blog\/articulo-evolucion-ciudades-tras-pandemia\/","name":"Art\u00edculo sobre la evoluci\u00f3n de las ciudades tras la pandemia","isPartOf":{"@id":"https:\/\/gudayterreros.com\/es\/#website"},"datePublished":"2020-05-20T14:10:21+00:00","dateModified":"2021-12-21T12:49:23+00:00","author":{"@id":"https:\/\/gudayterreros.com\/es\/#\/schema\/person\/a1e92ba93019e21b140b4019298292d0"},"description":"La Arquitecta Olga Guday aporta datos sobre como evolucionaran las ciudades europeas tras el confinamiento de la poblaci\u00f3n.","breadcrumb":{"@id":"https:\/\/gudayterreros.com\/es\/blog\/articulo-evolucion-ciudades-tras-pandemia\/#breadcrumb"},"inLanguage":"es","potentialAction":[{"@type":"ReadAction","target":["https:\/\/gudayterreros.com\/es\/blog\/articulo-evolucion-ciudades-tras-pandemia\/"]}]},{"@type":"BreadcrumbList","@id":"https:\/\/gudayterreros.com\/es\/blog\/articulo-evolucion-ciudades-tras-pandemia\/#breadcrumb","itemListElement":[{"@type":"ListItem","position":1,"name":"Portada","item":"https:\/\/gudayterreros.com\/es\/"},{"@type":"ListItem","position":2,"name":"Art\u00edculo: \u00abComo cambiar\u00e1n las Ciudades tras el Covid-19\u00bb"}]},{"@type":"WebSite","@id":"https:\/\/gudayterreros.com\/es\/#website","url":"https:\/\/gudayterreros.com\/es\/","name":"Guday Terreros","description":"Despacho Arquitectura","potentialAction":[{"@type":"SearchAction","target":{"@type":"EntryPoint","urlTemplate":"https:\/\/gudayterreros.com\/es\/?s={search_term_string}"},"query-input":"required name=search_term_string"}],"inLanguage":"es"},{"@type":"Person","@id":"https:\/\/gudayterreros.com\/es\/#\/schema\/person\/a1e92ba93019e21b140b4019298292d0","name":"Olga Guday","image":{"@type":"ImageObject","inLanguage":"es","@id":"https:\/\/gudayterreros.com\/es\/#\/schema\/person\/image\/","url":"https:\/\/secure.gravatar.com\/avatar\/bbda4b117f22d5ebf586a2f73d699f4b?s=96&d=mm&r=g","contentUrl":"https:\/\/secure.gravatar.com\/avatar\/bbda4b117f22d5ebf586a2f73d699f4b?s=96&d=mm&r=g","caption":"Olga Guday"},"url":"https:\/\/gudayterreros.com\/es\/blog\/author\/adminguday\/"}]}},"_links":{"self":[{"href":"https:\/\/gudayterreros.com\/es\/wp-json\/wp\/v2\/posts\/2328"}],"collection":[{"href":"https:\/\/gudayterreros.com\/es\/wp-json\/wp\/v2\/posts"}],"about":[{"href":"https:\/\/gudayterreros.com\/es\/wp-json\/wp\/v2\/types\/post"}],"author":[{"embeddable":true,"href":"https:\/\/gudayterreros.com\/es\/wp-json\/wp\/v2\/users\/3"}],"replies":[{"embeddable":true,"href":"https:\/\/gudayterreros.com\/es\/wp-json\/wp\/v2\/comments?post=2328"}],"version-history":[{"count":2,"href":"https:\/\/gudayterreros.com\/es\/wp-json\/wp\/v2\/posts\/2328\/revisions"}],"predecessor-version":[{"id":4334,"href":"https:\/\/gudayterreros.com\/es\/wp-json\/wp\/v2\/posts\/2328\/revisions\/4334"}],"wp:featuredmedia":[{"embeddable":true,"href":"https:\/\/gudayterreros.com\/es\/wp-json\/wp\/v2\/media\/2625"}],"wp:attachment":[{"href":"https:\/\/gudayterreros.com\/es\/wp-json\/wp\/v2\/media?parent=2328"}],"wp:term":[{"taxonomy":"category","embeddable":true,"href":"https:\/\/gudayterreros.com\/es\/wp-json\/wp\/v2\/categories?post=2328"},{"taxonomy":"post_tag","embeddable":true,"href":"https:\/\/gudayterreros.com\/es\/wp-json\/wp\/v2\/tags?post=2328"}],"curies":[{"name":"wp","href":"https:\/\/api.w.org\/{rel}","templated":true}]}}