{"id":2230,"date":"2019-11-18T18:09:12","date_gmt":"2019-11-18T18:09:12","guid":{"rendered":"https:\/\/gudayterreros.com\/blog\/ponencia-olga-guday-palau-robert\/"},"modified":"2021-12-21T12:30:53","modified_gmt":"2021-12-21T12:30:53","slug":"ponencia-olga-guday-palau-robert-2","status":"publish","type":"post","link":"https:\/\/gudayterreros.com\/es\/blog\/ponencia-olga-guday-palau-robert-2\/","title":{"rendered":"Ponencia sobre \u00abArquitectura Circular\u00bb,  por Olga Guday en el Palau Robert"},"content":{"rendered":"\r\n<p style=\"text-align: left;\">El passat divendres 15 de novembre, Olga Guday, directora de Guday Terreros Arquitectura, va participar com a ponent a la taula rodona sobre \u00abArquitectura Circular\u00bb, al Palau Robert.<\/p>\r\n\r\n\r\n\r\n<figure class=\"wp-block-image\"><img loading=\"lazy\" class=\"aligncenter wp-image-4293 size-full\" src=\"https:\/\/gudayterreros.com\/wp-content\/uploads\/2019\/11\/guday-terreros-olga-palau-robert.jpeg\" alt=\"\" width=\"800\" height=\"600\" srcset=\"https:\/\/gudayterreros.com\/wp-content\/uploads\/2019\/11\/guday-terreros-olga-palau-robert.jpeg 800w, https:\/\/gudayterreros.com\/wp-content\/uploads\/2019\/11\/guday-terreros-olga-palau-robert-480x360.jpeg 480w\" sizes=\"(min-width: 0px) and (max-width: 480px) 480px, (min-width: 481px) 800px, 100vw\" \/><img class=\"wp-image-2220\" src=\"https:\/\/gudayterreros.com\/wp-content\/uploads\/2019\/11\/guday-terreros-olga-palau-robert.jpg\" alt=\"\" \/><\/figure>\r\n\r\n\r\n\r\n<p>Aqu\u00ed pots veure un v\u00eddeo curt de la Pon\u00e8ncia:<\/p>\r\n\r\n<p><iframe loading=\"lazy\" title=\"YouTube video player\" src=\"https:\/\/www.youtube.com\/embed\/dXwpDoSlnQ4\" width=\"560\" height=\"315\" frameborder=\"0\" allowfullscreen=\"allowfullscreen\"><\/iframe><\/p>\r\n<p>Link al resum de l&#8217;event per part de les Entitats organitzadores Fundaci\u00f3 FIDEM i FCE France:<\/p>\r\n<!-- \/wp:paragraph -->\r\n\r\n<!-- wp:paragraph {\"translatedWithWPMLTM\":\"1\"} -->\r\n<p><a href=\"http:\/\/fidem.info\/ca\/1395-dones-sense-fronteres19-noticia\">http:\/\/fidem.info\/ca\/1395-dones-sense-fronteres19-noticia<\/a><\/p>\r\n<!-- \/wp:paragraph -->\r\n\r\n<!-- wp:paragraph {\"translatedWithWPMLTM\":\"1\"} -->\r\n<p><a href=\"https:\/\/www.fcefrance.com\/event\/show\/les-transfrontalieres-2\">https:\/\/www.fcefrance.com\/event\/show\/les-transfrontalieres-2<\/a><\/p>\r\n<!-- \/wp:paragraph -->","protected":false},"excerpt":{"rendered":"<p>El passat divendres 15 de novembre, Olga Guday, directora de Guday Terreros Arquitectura, va participar com a ponent a la taula rodona sobre \u00abArquitectura Circular\u00bb, al Palau Robert. Aqu\u00ed pots veure un v\u00eddeo curt de la Pon\u00e8ncia: Link al resum de l&#8217;event per part de les Entitats organitzadores Fundaci\u00f3 FIDEM i FCE France: http:\/\/fidem.info\/ca\/1395-dones-sense-fronteres19-noticia https:\/\/www.fcefrance.com\/event\/show\/les-transfrontalieres-2<\/p>\n","protected":false},"author":3,"featured_media":4002,"comment_status":"closed","ping_status":"closed","sticky":false,"template":"","format":"standard","meta":{"_et_pb_use_builder":"","_et_pb_old_content":"","_et_gb_content_width":""},"categories":[31],"tags":[149,155],"acf":[],"yoast_head":"<!-- This site is optimized with the Yoast SEO plugin v19.10 - https:\/\/yoast.com\/wordpress\/plugins\/seo\/ -->\n<title>Ponencia sobre &quot;Arquitectura Circular&quot;, por Olga Guday en el Palau Robert - Guday Terreros<\/title>\n<meta name=\"robots\" content=\"index, follow, max-snippet:-1, max-image-preview:large, max-video-preview:-1\" \/>\n<link rel=\"canonical\" href=\"https:\/\/gudayterreros.com\/es\/blog\/ponencia-olga-guday-palau-robert-2\/\" \/>\n<meta property=\"og:locale\" content=\"es_ES\" \/>\n<meta property=\"og:type\" content=\"article\" \/>\n<meta property=\"og:title\" content=\"Ponencia sobre &quot;Arquitectura Circular&quot;, por Olga Guday en el Palau Robert - Guday Terreros\" \/>\n<meta property=\"og:description\" content=\"El passat divendres 15 de novembre, Olga Guday, directora de Guday Terreros Arquitectura, va participar com a ponent a la taula rodona sobre \u00abArquitectura Circular\u00bb, al Palau Robert. Aqu\u00ed pots veure un v\u00eddeo curt de la Pon\u00e8ncia: Link al resum de l&#8217;event per part de les Entitats organitzadores Fundaci\u00f3 FIDEM i FCE France: http:\/\/fidem.info\/ca\/1395-dones-sense-fronteres19-noticia https:\/\/www.fcefrance.com\/event\/show\/les-transfrontalieres-2\" \/>\n<meta property=\"og:url\" content=\"https:\/\/gudayterreros.com\/es\/blog\/ponencia-olga-guday-palau-robert-2\/\" \/>\n<meta property=\"og:site_name\" content=\"Guday Terreros\" \/>\n<meta property=\"article:published_time\" content=\"2019-11-18T18:09:12+00:00\" \/>\n<meta property=\"article:modified_time\" content=\"2021-12-21T12:30:53+00:00\" \/>\n<meta property=\"og:image\" content=\"https:\/\/gudayterreros.com\/wp-content\/uploads\/2019\/11\/palau-robert.png\" \/>\n\t<meta property=\"og:image:width\" content=\"360\" \/>\n\t<meta property=\"og:image:height\" content=\"225\" \/>\n\t<meta property=\"og:image:type\" content=\"image\/png\" \/>\n<meta name=\"author\" content=\"Olga Guday\" \/>\n<meta name=\"twitter:card\" content=\"summary_large_image\" \/>\n<meta name=\"twitter:label1\" content=\"Escrito por\" \/>\n\t<meta name=\"twitter:data1\" content=\"Olga Guday\" \/>\n\t<meta name=\"twitter:label2\" content=\"Tiempo de lectura\" \/>\n\t<meta name=\"twitter:data2\" content=\"1 minuto\" \/>\n<script type=\"application\/ld+json\" class=\"yoast-schema-graph\">{\"@context\":\"https:\/\/schema.org\",\"@graph\":[{\"@type\":\"WebPage\",\"@id\":\"https:\/\/gudayterreros.com\/es\/blog\/ponencia-olga-guday-palau-robert-2\/\",\"url\":\"https:\/\/gudayterreros.com\/es\/blog\/ponencia-olga-guday-palau-robert-2\/\",\"name\":\"Ponencia sobre \\\"Arquitectura Circular\\\", por Olga Guday en el Palau Robert - Guday Terreros\",\"isPartOf\":{\"@id\":\"https:\/\/gudayterreros.com\/es\/#website\"},\"datePublished\":\"2019-11-18T18:09:12+00:00\",\"dateModified\":\"2021-12-21T12:30:53+00:00\",\"author\":{\"@id\":\"https:\/\/gudayterreros.com\/es\/#\/schema\/person\/a1e92ba93019e21b140b4019298292d0\"},\"breadcrumb\":{\"@id\":\"https:\/\/gudayterreros.com\/es\/blog\/ponencia-olga-guday-palau-robert-2\/#breadcrumb\"},\"inLanguage\":\"es\",\"potentialAction\":[{\"@type\":\"ReadAction\",\"target\":[\"https:\/\/gudayterreros.com\/es\/blog\/ponencia-olga-guday-palau-robert-2\/\"]}]},{\"@type\":\"BreadcrumbList\",\"@id\":\"https:\/\/gudayterreros.com\/es\/blog\/ponencia-olga-guday-palau-robert-2\/#breadcrumb\",\"itemListElement\":[{\"@type\":\"ListItem\",\"position\":1,\"name\":\"Portada\",\"item\":\"https:\/\/gudayterreros.com\/es\/\"},{\"@type\":\"ListItem\",\"position\":2,\"name\":\"Ponencia sobre \u00abArquitectura Circular\u00bb, por Olga Guday en el Palau Robert\"}]},{\"@type\":\"WebSite\",\"@id\":\"https:\/\/gudayterreros.com\/es\/#website\",\"url\":\"https:\/\/gudayterreros.com\/es\/\",\"name\":\"Guday Terreros\",\"description\":\"Despacho Arquitectura\",\"potentialAction\":[{\"@type\":\"SearchAction\",\"target\":{\"@type\":\"EntryPoint\",\"urlTemplate\":\"https:\/\/gudayterreros.com\/es\/?s={search_term_string}\"},\"query-input\":\"required name=search_term_string\"}],\"inLanguage\":\"es\"},{\"@type\":\"Person\",\"@id\":\"https:\/\/gudayterreros.com\/es\/#\/schema\/person\/a1e92ba93019e21b140b4019298292d0\",\"name\":\"Olga Guday\",\"image\":{\"@type\":\"ImageObject\",\"inLanguage\":\"es\",\"@id\":\"https:\/\/gudayterreros.com\/es\/#\/schema\/person\/image\/\",\"url\":\"https:\/\/secure.gravatar.com\/avatar\/bbda4b117f22d5ebf586a2f73d699f4b?s=96&d=mm&r=g\",\"contentUrl\":\"https:\/\/secure.gravatar.com\/avatar\/bbda4b117f22d5ebf586a2f73d699f4b?s=96&d=mm&r=g\",\"caption\":\"Olga Guday\"},\"url\":\"https:\/\/gudayterreros.com\/es\/blog\/author\/adminguday\/\"}]}<\/script>\n<!-- \/ Yoast SEO plugin. -->","yoast_head_json":{"title":"Ponencia sobre \"Arquitectura Circular\", por Olga Guday en el Palau Robert - Guday Terreros","robots":{"index":"index","follow":"follow","max-snippet":"max-snippet:-1","max-image-preview":"max-image-preview:large","max-video-preview":"max-video-preview:-1"},"canonical":"https:\/\/gudayterreros.com\/es\/blog\/ponencia-olga-guday-palau-robert-2\/","og_locale":"es_ES","og_type":"article","og_title":"Ponencia sobre \"Arquitectura Circular\", por Olga Guday en el Palau Robert - Guday Terreros","og_description":"El passat divendres 15 de novembre, Olga Guday, directora de Guday Terreros Arquitectura, va participar com a ponent a la taula rodona sobre \u00abArquitectura Circular\u00bb, al Palau Robert. Aqu\u00ed pots veure un v\u00eddeo curt de la Pon\u00e8ncia: Link al resum de l&#8217;event per part de les Entitats organitzadores Fundaci\u00f3 FIDEM i FCE France: http:\/\/fidem.info\/ca\/1395-dones-sense-fronteres19-noticia https:\/\/www.fcefrance.com\/event\/show\/les-transfrontalieres-2","og_url":"https:\/\/gudayterreros.com\/es\/blog\/ponencia-olga-guday-palau-robert-2\/","og_site_name":"Guday Terreros","article_published_time":"2019-11-18T18:09:12+00:00","article_modified_time":"2021-12-21T12:30:53+00:00","og_image":[{"width":360,"height":225,"url":"https:\/\/gudayterreros.com\/wp-content\/uploads\/2019\/11\/palau-robert.png","type":"image\/png"}],"author":"Olga Guday","twitter_card":"summary_large_image","twitter_misc":{"Escrito por":"Olga Guday","Tiempo de lectura":"1 minuto"},"schema":{"@context":"https:\/\/schema.org","@graph":[{"@type":"WebPage","@id":"https:\/\/gudayterreros.com\/es\/blog\/ponencia-olga-guday-palau-robert-2\/","url":"https:\/\/gudayterreros.com\/es\/blog\/ponencia-olga-guday-palau-robert-2\/","name":"Ponencia sobre \"Arquitectura Circular\", por Olga Guday en el Palau Robert - Guday Terreros","isPartOf":{"@id":"https:\/\/gudayterreros.com\/es\/#website"},"datePublished":"2019-11-18T18:09:12+00:00","dateModified":"2021-12-21T12:30:53+00:00","author":{"@id":"https:\/\/gudayterreros.com\/es\/#\/schema\/person\/a1e92ba93019e21b140b4019298292d0"},"breadcrumb":{"@id":"https:\/\/gudayterreros.com\/es\/blog\/ponencia-olga-guday-palau-robert-2\/#breadcrumb"},"inLanguage":"es","potentialAction":[{"@type":"ReadAction","target":["https:\/\/gudayterreros.com\/es\/blog\/ponencia-olga-guday-palau-robert-2\/"]}]},{"@type":"BreadcrumbList","@id":"https:\/\/gudayterreros.com\/es\/blog\/ponencia-olga-guday-palau-robert-2\/#breadcrumb","itemListElement":[{"@type":"ListItem","position":1,"name":"Portada","item":"https:\/\/gudayterreros.com\/es\/"},{"@type":"ListItem","position":2,"name":"Ponencia sobre \u00abArquitectura Circular\u00bb, por Olga Guday en el Palau Robert"}]},{"@type":"WebSite","@id":"https:\/\/gudayterreros.com\/es\/#website","url":"https:\/\/gudayterreros.com\/es\/","name":"Guday Terreros","description":"Despacho Arquitectura","potentialAction":[{"@type":"SearchAction","target":{"@type":"EntryPoint","urlTemplate":"https:\/\/gudayterreros.com\/es\/?s={search_term_string}"},"query-input":"required name=search_term_string"}],"inLanguage":"es"},{"@type":"Person","@id":"https:\/\/gudayterreros.com\/es\/#\/schema\/person\/a1e92ba93019e21b140b4019298292d0","name":"Olga Guday","image":{"@type":"ImageObject","inLanguage":"es","@id":"https:\/\/gudayterreros.com\/es\/#\/schema\/person\/image\/","url":"https:\/\/secure.gravatar.com\/avatar\/bbda4b117f22d5ebf586a2f73d699f4b?s=96&d=mm&r=g","contentUrl":"https:\/\/secure.gravatar.com\/avatar\/bbda4b117f22d5ebf586a2f73d699f4b?s=96&d=mm&r=g","caption":"Olga Guday"},"url":"https:\/\/gudayterreros.com\/es\/blog\/author\/adminguday\/"}]}},"_links":{"self":[{"href":"https:\/\/gudayterreros.com\/es\/wp-json\/wp\/v2\/posts\/2230"}],"collection":[{"href":"https:\/\/gudayterreros.com\/es\/wp-json\/wp\/v2\/posts"}],"about":[{"href":"https:\/\/gudayterreros.com\/es\/wp-json\/wp\/v2\/types\/post"}],"author":[{"embeddable":true,"href":"https:\/\/gudayterreros.com\/es\/wp-json\/wp\/v2\/users\/3"}],"replies":[{"embeddable":true,"href":"https:\/\/gudayterreros.com\/es\/wp-json\/wp\/v2\/comments?post=2230"}],"version-history":[{"count":4,"href":"https:\/\/gudayterreros.com\/es\/wp-json\/wp\/v2\/posts\/2230\/revisions"}],"predecessor-version":[{"id":4313,"href":"https:\/\/gudayterreros.com\/es\/wp-json\/wp\/v2\/posts\/2230\/revisions\/4313"}],"wp:featuredmedia":[{"embeddable":true,"href":"https:\/\/gudayterreros.com\/es\/wp-json\/wp\/v2\/media\/4002"}],"wp:attachment":[{"href":"https:\/\/gudayterreros.com\/es\/wp-json\/wp\/v2\/media?parent=2230"}],"wp:term":[{"taxonomy":"category","embeddable":true,"href":"https:\/\/gudayterreros.com\/es\/wp-json\/wp\/v2\/categories?post=2230"},{"taxonomy":"post_tag","embeddable":true,"href":"https:\/\/gudayterreros.com\/es\/wp-json\/wp\/v2\/tags?post=2230"}],"curies":[{"name":"wp","href":"https:\/\/api.w.org\/{rel}","templated":true}]}}