{"id":1769,"date":"2018-10-15T12:39:20","date_gmt":"2018-10-15T12:39:20","guid":{"rendered":"http:\/\/welovewebs.com\/dev\/guday\/blog\/article-opinio-comunitats-veins-barcelona\/"},"modified":"2021-12-21T12:36:18","modified_gmt":"2021-12-21T12:36:18","slug":"articulo-opinion-comunidades-vecinos-barcelona","status":"publish","type":"post","link":"https:\/\/gudayterreros.com\/es\/blog\/articulo-opinion-comunidades-vecinos-barcelona\/","title":{"rendered":"Art\u00edculo de opini\u00f3n sobre comunidades de vecinos en Barcelona, por Olga Guday"},"content":{"rendered":"<p>La Arquitecta Olga Guday escribi\u00f3 para \u201cel Peri\u00f3dico\u201d, el s\u00e1bado 13 de Octubre de 2018.<\/p>\n<p>El art\u00edculo de opini\u00f3n habla sobre los problemas de morosidad en las comunidades de vecinos, detectado por la arquitecta a ra\u00edz de los proyectos de rehabilitaci\u00f3n que ha dirigido en Barcelona.<\/p>\n<p><img loading=\"lazy\" class=\"aligncenter wp-image-4317 size-full\" src=\"https:\/\/gudayterreros.com\/wp-content\/uploads\/2018\/10\/edifici-veins-1.jpeg\" alt=\"\" width=\"900\" height=\"600\" srcset=\"https:\/\/gudayterreros.com\/wp-content\/uploads\/2018\/10\/edifici-veins-1.jpeg 900w, https:\/\/gudayterreros.com\/wp-content\/uploads\/2018\/10\/edifici-veins-1-480x320.jpeg 480w\" sizes=\"(min-width: 0px) and (max-width: 480px) 480px, (min-width: 481px) 900px, 100vw\" \/><\/p>\n<p>Y describe el perfil tipo de moroso y las actuaciones que se pueden emprender.<\/p>\n<p>\u00a1Os animamos a que lo le\u00e1is!<\/p>\n<p>Aqu\u00ed:\u00a0<a href=\"https:\/\/www.elperiodico.com\/es\/opinion\/20181012\/la-barcelona-morosa-hace-olor-de-fanfarron-articulo-olga-guday-7086315\">https:\/\/www.elperiodico.com\/es\/opinion\/20181012\/la-barcelona-morosa-hace-olor-de-fanfarron-articulo-olga-guday-7086315<\/a><\/p>\n","protected":false},"excerpt":{"rendered":"<p>La Arquitecta Olga Guday escribi\u00f3 para \u201cel Peri\u00f3dico\u201d, el s\u00e1bado 13 de Octubre de 2018. El art\u00edculo de opini\u00f3n habla sobre los problemas de morosidad en las comunidades de vecinos, detectado por la arquitecta a ra\u00edz de los proyectos de rehabilitaci\u00f3n que ha dirigido en Barcelona. Y describe el perfil tipo de moroso y las [&hellip;]<\/p>\n","protected":false},"author":3,"featured_media":2633,"comment_status":"closed","ping_status":"closed","sticky":false,"template":"","format":"standard","meta":{"_et_pb_use_builder":"","_et_pb_old_content":"","_et_gb_content_width":""},"categories":[31,69],"tags":[149,152,154],"acf":[],"yoast_head":"<!-- This site is optimized with the Yoast SEO plugin v19.10 - https:\/\/yoast.com\/wordpress\/plugins\/seo\/ -->\n<title>Art\u00edculo de opini\u00f3n sobre comunidades de vecinos en Barcelona, por Olga Guday - Guday Terreros<\/title>\n<meta name=\"robots\" content=\"index, follow, max-snippet:-1, max-image-preview:large, max-video-preview:-1\" \/>\n<link rel=\"canonical\" href=\"https:\/\/gudayterreros.com\/es\/blog\/articulo-opinion-comunidades-vecinos-barcelona\/\" \/>\n<meta property=\"og:locale\" content=\"es_ES\" \/>\n<meta property=\"og:type\" content=\"article\" \/>\n<meta property=\"og:title\" content=\"Art\u00edculo de opini\u00f3n sobre comunidades de vecinos en Barcelona, por Olga Guday - Guday Terreros\" \/>\n<meta property=\"og:description\" content=\"La Arquitecta Olga Guday escribi\u00f3 para \u201cel Peri\u00f3dico\u201d, el s\u00e1bado 13 de Octubre de 2018. El art\u00edculo de opini\u00f3n habla sobre los problemas de morosidad en las comunidades de vecinos, detectado por la arquitecta a ra\u00edz de los proyectos de rehabilitaci\u00f3n que ha dirigido en Barcelona. Y describe el perfil tipo de moroso y las [&hellip;]\" \/>\n<meta property=\"og:url\" content=\"https:\/\/gudayterreros.com\/es\/blog\/articulo-opinion-comunidades-vecinos-barcelona\/\" \/>\n<meta property=\"og:site_name\" content=\"Guday Terreros\" \/>\n<meta property=\"article:published_time\" content=\"2018-10-15T12:39:20+00:00\" \/>\n<meta property=\"article:modified_time\" content=\"2021-12-21T12:36:18+00:00\" \/>\n<meta property=\"og:image\" content=\"https:\/\/gudayterreros.com\/wp-content\/uploads\/2018\/10\/article-olga-guday-elperiodico-comunitats-2.jpg\" \/>\n\t<meta property=\"og:image:width\" content=\"920\" \/>\n\t<meta property=\"og:image:height\" content=\"600\" \/>\n\t<meta property=\"og:image:type\" content=\"image\/jpeg\" \/>\n<meta name=\"author\" content=\"Olga Guday\" \/>\n<meta name=\"twitter:card\" content=\"summary_large_image\" \/>\n<meta name=\"twitter:label1\" content=\"Escrito por\" \/>\n\t<meta name=\"twitter:data1\" content=\"Olga Guday\" \/>\n\t<meta name=\"twitter:label2\" content=\"Tiempo de lectura\" \/>\n\t<meta name=\"twitter:data2\" content=\"1 minuto\" \/>\n<script type=\"application\/ld+json\" class=\"yoast-schema-graph\">{\"@context\":\"https:\/\/schema.org\",\"@graph\":[{\"@type\":\"WebPage\",\"@id\":\"https:\/\/gudayterreros.com\/es\/blog\/articulo-opinion-comunidades-vecinos-barcelona\/\",\"url\":\"https:\/\/gudayterreros.com\/es\/blog\/articulo-opinion-comunidades-vecinos-barcelona\/\",\"name\":\"Art\u00edculo de opini\u00f3n sobre comunidades de vecinos en Barcelona, por Olga Guday - Guday Terreros\",\"isPartOf\":{\"@id\":\"https:\/\/gudayterreros.com\/es\/#website\"},\"datePublished\":\"2018-10-15T12:39:20+00:00\",\"dateModified\":\"2021-12-21T12:36:18+00:00\",\"author\":{\"@id\":\"https:\/\/gudayterreros.com\/es\/#\/schema\/person\/a1e92ba93019e21b140b4019298292d0\"},\"breadcrumb\":{\"@id\":\"https:\/\/gudayterreros.com\/es\/blog\/articulo-opinion-comunidades-vecinos-barcelona\/#breadcrumb\"},\"inLanguage\":\"es\",\"potentialAction\":[{\"@type\":\"ReadAction\",\"target\":[\"https:\/\/gudayterreros.com\/es\/blog\/articulo-opinion-comunidades-vecinos-barcelona\/\"]}]},{\"@type\":\"BreadcrumbList\",\"@id\":\"https:\/\/gudayterreros.com\/es\/blog\/articulo-opinion-comunidades-vecinos-barcelona\/#breadcrumb\",\"itemListElement\":[{\"@type\":\"ListItem\",\"position\":1,\"name\":\"Portada\",\"item\":\"https:\/\/gudayterreros.com\/es\/\"},{\"@type\":\"ListItem\",\"position\":2,\"name\":\"Art\u00edculo de opini\u00f3n sobre comunidades de vecinos en Barcelona, por Olga Guday\"}]},{\"@type\":\"WebSite\",\"@id\":\"https:\/\/gudayterreros.com\/es\/#website\",\"url\":\"https:\/\/gudayterreros.com\/es\/\",\"name\":\"Guday Terreros\",\"description\":\"Despacho Arquitectura\",\"potentialAction\":[{\"@type\":\"SearchAction\",\"target\":{\"@type\":\"EntryPoint\",\"urlTemplate\":\"https:\/\/gudayterreros.com\/es\/?s={search_term_string}\"},\"query-input\":\"required name=search_term_string\"}],\"inLanguage\":\"es\"},{\"@type\":\"Person\",\"@id\":\"https:\/\/gudayterreros.com\/es\/#\/schema\/person\/a1e92ba93019e21b140b4019298292d0\",\"name\":\"Olga Guday\",\"image\":{\"@type\":\"ImageObject\",\"inLanguage\":\"es\",\"@id\":\"https:\/\/gudayterreros.com\/es\/#\/schema\/person\/image\/\",\"url\":\"https:\/\/secure.gravatar.com\/avatar\/bbda4b117f22d5ebf586a2f73d699f4b?s=96&d=mm&r=g\",\"contentUrl\":\"https:\/\/secure.gravatar.com\/avatar\/bbda4b117f22d5ebf586a2f73d699f4b?s=96&d=mm&r=g\",\"caption\":\"Olga Guday\"},\"url\":\"https:\/\/gudayterreros.com\/es\/blog\/author\/adminguday\/\"}]}<\/script>\n<!-- \/ Yoast SEO plugin. -->","yoast_head_json":{"title":"Art\u00edculo de opini\u00f3n sobre comunidades de vecinos en Barcelona, por Olga Guday - Guday Terreros","robots":{"index":"index","follow":"follow","max-snippet":"max-snippet:-1","max-image-preview":"max-image-preview:large","max-video-preview":"max-video-preview:-1"},"canonical":"https:\/\/gudayterreros.com\/es\/blog\/articulo-opinion-comunidades-vecinos-barcelona\/","og_locale":"es_ES","og_type":"article","og_title":"Art\u00edculo de opini\u00f3n sobre comunidades de vecinos en Barcelona, por Olga Guday - Guday Terreros","og_description":"La Arquitecta Olga Guday escribi\u00f3 para \u201cel Peri\u00f3dico\u201d, el s\u00e1bado 13 de Octubre de 2018. El art\u00edculo de opini\u00f3n habla sobre los problemas de morosidad en las comunidades de vecinos, detectado por la arquitecta a ra\u00edz de los proyectos de rehabilitaci\u00f3n que ha dirigido en Barcelona. Y describe el perfil tipo de moroso y las [&hellip;]","og_url":"https:\/\/gudayterreros.com\/es\/blog\/articulo-opinion-comunidades-vecinos-barcelona\/","og_site_name":"Guday Terreros","article_published_time":"2018-10-15T12:39:20+00:00","article_modified_time":"2021-12-21T12:36:18+00:00","og_image":[{"width":920,"height":600,"url":"https:\/\/gudayterreros.com\/wp-content\/uploads\/2018\/10\/article-olga-guday-elperiodico-comunitats-2.jpg","type":"image\/jpeg"}],"author":"Olga Guday","twitter_card":"summary_large_image","twitter_misc":{"Escrito por":"Olga Guday","Tiempo de lectura":"1 minuto"},"schema":{"@context":"https:\/\/schema.org","@graph":[{"@type":"WebPage","@id":"https:\/\/gudayterreros.com\/es\/blog\/articulo-opinion-comunidades-vecinos-barcelona\/","url":"https:\/\/gudayterreros.com\/es\/blog\/articulo-opinion-comunidades-vecinos-barcelona\/","name":"Art\u00edculo de opini\u00f3n sobre comunidades de vecinos en Barcelona, por Olga Guday - Guday Terreros","isPartOf":{"@id":"https:\/\/gudayterreros.com\/es\/#website"},"datePublished":"2018-10-15T12:39:20+00:00","dateModified":"2021-12-21T12:36:18+00:00","author":{"@id":"https:\/\/gudayterreros.com\/es\/#\/schema\/person\/a1e92ba93019e21b140b4019298292d0"},"breadcrumb":{"@id":"https:\/\/gudayterreros.com\/es\/blog\/articulo-opinion-comunidades-vecinos-barcelona\/#breadcrumb"},"inLanguage":"es","potentialAction":[{"@type":"ReadAction","target":["https:\/\/gudayterreros.com\/es\/blog\/articulo-opinion-comunidades-vecinos-barcelona\/"]}]},{"@type":"BreadcrumbList","@id":"https:\/\/gudayterreros.com\/es\/blog\/articulo-opinion-comunidades-vecinos-barcelona\/#breadcrumb","itemListElement":[{"@type":"ListItem","position":1,"name":"Portada","item":"https:\/\/gudayterreros.com\/es\/"},{"@type":"ListItem","position":2,"name":"Art\u00edculo de opini\u00f3n sobre comunidades de vecinos en Barcelona, por Olga Guday"}]},{"@type":"WebSite","@id":"https:\/\/gudayterreros.com\/es\/#website","url":"https:\/\/gudayterreros.com\/es\/","name":"Guday Terreros","description":"Despacho Arquitectura","potentialAction":[{"@type":"SearchAction","target":{"@type":"EntryPoint","urlTemplate":"https:\/\/gudayterreros.com\/es\/?s={search_term_string}"},"query-input":"required name=search_term_string"}],"inLanguage":"es"},{"@type":"Person","@id":"https:\/\/gudayterreros.com\/es\/#\/schema\/person\/a1e92ba93019e21b140b4019298292d0","name":"Olga Guday","image":{"@type":"ImageObject","inLanguage":"es","@id":"https:\/\/gudayterreros.com\/es\/#\/schema\/person\/image\/","url":"https:\/\/secure.gravatar.com\/avatar\/bbda4b117f22d5ebf586a2f73d699f4b?s=96&d=mm&r=g","contentUrl":"https:\/\/secure.gravatar.com\/avatar\/bbda4b117f22d5ebf586a2f73d699f4b?s=96&d=mm&r=g","caption":"Olga Guday"},"url":"https:\/\/gudayterreros.com\/es\/blog\/author\/adminguday\/"}]}},"_links":{"self":[{"href":"https:\/\/gudayterreros.com\/es\/wp-json\/wp\/v2\/posts\/1769"}],"collection":[{"href":"https:\/\/gudayterreros.com\/es\/wp-json\/wp\/v2\/posts"}],"about":[{"href":"https:\/\/gudayterreros.com\/es\/wp-json\/wp\/v2\/types\/post"}],"author":[{"embeddable":true,"href":"https:\/\/gudayterreros.com\/es\/wp-json\/wp\/v2\/users\/3"}],"replies":[{"embeddable":true,"href":"https:\/\/gudayterreros.com\/es\/wp-json\/wp\/v2\/comments?post=1769"}],"version-history":[{"count":6,"href":"https:\/\/gudayterreros.com\/es\/wp-json\/wp\/v2\/posts\/1769\/revisions"}],"predecessor-version":[{"id":4320,"href":"https:\/\/gudayterreros.com\/es\/wp-json\/wp\/v2\/posts\/1769\/revisions\/4320"}],"wp:featuredmedia":[{"embeddable":true,"href":"https:\/\/gudayterreros.com\/es\/wp-json\/wp\/v2\/media\/2633"}],"wp:attachment":[{"href":"https:\/\/gudayterreros.com\/es\/wp-json\/wp\/v2\/media?parent=1769"}],"wp:term":[{"taxonomy":"category","embeddable":true,"href":"https:\/\/gudayterreros.com\/es\/wp-json\/wp\/v2\/categories?post=1769"},{"taxonomy":"post_tag","embeddable":true,"href":"https:\/\/gudayterreros.com\/es\/wp-json\/wp\/v2\/tags?post=1769"}],"curies":[{"name":"wp","href":"https:\/\/api.w.org\/{rel}","templated":true}]}}