{"id":1174,"date":"2017-11-27T00:35:59","date_gmt":"2017-11-27T00:35:59","guid":{"rendered":"http:\/\/welovewebs.com\/dev\/guday\/blog\/article-opinio-restriccions-circulacio-barcelona-olga-guday\/"},"modified":"2021-12-21T12:43:15","modified_gmt":"2021-12-21T12:43:15","slug":"articulo-opinion-restricciones-circulacion-barcelona-olga-guday","status":"publish","type":"post","link":"https:\/\/gudayterreros.com\/es\/blog\/articulo-opinion-restricciones-circulacion-barcelona-olga-guday\/","title":{"rendered":"Art\u00edculo de opini\u00f3n sobre las nuevas restricciones de circulaci\u00f3n en toda Barcelona, por Olga Guday"},"content":{"rendered":"\r\n<p>La Arquitecta Olga Guday escribi\u00f3 para \u201cel Peri\u00f3dico\u201d, el d\u00eda 26 de Noviembre de 2017.<\/p>\r\n<p>El art\u00edculo de opini\u00f3n sobre las nuevas restricciones de circulaci\u00f3n en toda Barcelona surg\u00eda despu\u00e9s del aviso de la entrada en vigor, el d\u00eda 1 de diciembre, de estas restricciones a ciertos veh\u00edculos contaminantes en d\u00edas de niveles altos de contaminaci\u00f3n.<\/p>\r\n<p>Reflexiones sobre los retos que debe alcanzar la Ciudad antes de aplicar este modelo de forma definitiva, el a\u00f1o 2020, en Barcelona.<\/p>\r\n<p><img loading=\"lazy\" class=\"aligncenter wp-image-4162 size-large\" src=\"https:\/\/gudayterreros.com\/wp-content\/uploads\/2017\/11\/objetivo-2020-barcelona-sin-coches-1024x684.jpeg\" alt=\"\" width=\"1024\" height=\"684\" srcset=\"https:\/\/gudayterreros.com\/wp-content\/uploads\/2017\/11\/objetivo-2020-barcelona-sin-coches-980x654.jpeg 980w, https:\/\/gudayterreros.com\/wp-content\/uploads\/2017\/11\/objetivo-2020-barcelona-sin-coches-480x320.jpeg 480w\" sizes=\"(min-width: 0px) and (max-width: 480px) 480px, (min-width: 481px) and (max-width: 980px) 980px, (min-width: 981px) 1024px, 100vw\" \/><\/p>\r\n\r\n\r\n\r\n<p>\u00a1Os animamos a que lo le\u00e1is! Aqu\u00ed:\u00a0<a href=\"http:\/\/www.elperiodico.com\/es\/opinion\/20171125\/objetivo-2020-una-barcelona-sin-coches-olga-guday-articulo-el-periodico-6449515\">http:\/\/www.elperiodico.com\/es\/opinion\/20171125\/objetivo-2020-una-barcelona-sin-coches-olga-guday-articulo-el-periodico-6449515<\/a><\/p>\r\n","protected":false},"excerpt":{"rendered":"<p>La Arquitecta Olga Guday escribi\u00f3 para \u201cel Peri\u00f3dico\u201d, el d\u00eda 26 de Noviembre de 2017. El art\u00edculo de opini\u00f3n sobre las nuevas restricciones de circulaci\u00f3n en toda Barcelona surg\u00eda despu\u00e9s del aviso de la entrada en vigor, el d\u00eda 1 de diciembre, de estas restricciones a ciertos veh\u00edculos contaminantes en d\u00edas de niveles altos de [&hellip;]<\/p>\n","protected":false},"author":3,"featured_media":4166,"comment_status":"closed","ping_status":"closed","sticky":false,"template":"","format":"standard","meta":{"_et_pb_use_builder":"","_et_pb_old_content":"","_et_gb_content_width":""},"categories":[31,36],"tags":[152,108,154,156],"acf":[],"yoast_head":"<!-- This site is optimized with the Yoast SEO plugin v19.10 - https:\/\/yoast.com\/wordpress\/plugins\/seo\/ -->\n<title>La Arquitecta Olga Guday escribi\u00f3 para \u201cel Peri\u00f3dico\u201d, el dia 26 de Novembre de 2017.<\/title>\n<meta name=\"robots\" content=\"index, follow, max-snippet:-1, max-image-preview:large, max-video-preview:-1\" \/>\n<link rel=\"canonical\" href=\"https:\/\/gudayterreros.com\/es\/blog\/articulo-opinion-restricciones-circulacion-barcelona-olga-guday\/\" \/>\n<meta property=\"og:locale\" content=\"es_ES\" \/>\n<meta property=\"og:type\" content=\"article\" \/>\n<meta property=\"og:title\" content=\"La Arquitecta Olga Guday escribi\u00f3 para \u201cel Peri\u00f3dico\u201d, el dia 26 de Novembre de 2017.\" \/>\n<meta property=\"og:description\" content=\"La Arquitecta Olga Guday escribi\u00f3 para \u201cel Peri\u00f3dico\u201d, el d\u00eda 26 de Noviembre de 2017. El art\u00edculo de opini\u00f3n sobre las nuevas restricciones de circulaci\u00f3n en toda Barcelona surg\u00eda despu\u00e9s del aviso de la entrada en vigor, el d\u00eda 1 de diciembre, de estas restricciones a ciertos veh\u00edculos contaminantes en d\u00edas de niveles altos de [&hellip;]\" \/>\n<meta property=\"og:url\" content=\"https:\/\/gudayterreros.com\/es\/blog\/articulo-opinion-restricciones-circulacion-barcelona-olga-guday\/\" \/>\n<meta property=\"og:site_name\" content=\"Guday Terreros\" \/>\n<meta property=\"article:published_time\" content=\"2017-11-27T00:35:59+00:00\" \/>\n<meta property=\"article:modified_time\" content=\"2021-12-21T12:43:15+00:00\" \/>\n<meta property=\"og:image\" content=\"https:\/\/gudayterreros.com\/wp-content\/uploads\/2017\/11\/article-objectiu-2020-barcelona-sense-cotxes.jpeg\" \/>\n\t<meta property=\"og:image:width\" content=\"2336\" \/>\n\t<meta property=\"og:image:height\" content=\"2049\" \/>\n\t<meta property=\"og:image:type\" content=\"image\/jpeg\" \/>\n<meta name=\"author\" content=\"Olga Guday\" \/>\n<meta name=\"twitter:card\" content=\"summary_large_image\" \/>\n<meta name=\"twitter:label1\" content=\"Escrito por\" \/>\n\t<meta name=\"twitter:data1\" content=\"Olga Guday\" \/>\n\t<meta name=\"twitter:label2\" content=\"Tiempo de lectura\" \/>\n\t<meta name=\"twitter:data2\" content=\"1 minuto\" \/>\n<script type=\"application\/ld+json\" class=\"yoast-schema-graph\">{\"@context\":\"https:\/\/schema.org\",\"@graph\":[{\"@type\":\"WebPage\",\"@id\":\"https:\/\/gudayterreros.com\/es\/blog\/articulo-opinion-restricciones-circulacion-barcelona-olga-guday\/\",\"url\":\"https:\/\/gudayterreros.com\/es\/blog\/articulo-opinion-restricciones-circulacion-barcelona-olga-guday\/\",\"name\":\"La Arquitecta Olga Guday escribi\u00f3 para \u201cel Peri\u00f3dico\u201d, el dia 26 de Novembre de 2017.\",\"isPartOf\":{\"@id\":\"https:\/\/gudayterreros.com\/es\/#website\"},\"datePublished\":\"2017-11-27T00:35:59+00:00\",\"dateModified\":\"2021-12-21T12:43:15+00:00\",\"author\":{\"@id\":\"https:\/\/gudayterreros.com\/es\/#\/schema\/person\/a1e92ba93019e21b140b4019298292d0\"},\"breadcrumb\":{\"@id\":\"https:\/\/gudayterreros.com\/es\/blog\/articulo-opinion-restricciones-circulacion-barcelona-olga-guday\/#breadcrumb\"},\"inLanguage\":\"es\",\"potentialAction\":[{\"@type\":\"ReadAction\",\"target\":[\"https:\/\/gudayterreros.com\/es\/blog\/articulo-opinion-restricciones-circulacion-barcelona-olga-guday\/\"]}]},{\"@type\":\"BreadcrumbList\",\"@id\":\"https:\/\/gudayterreros.com\/es\/blog\/articulo-opinion-restricciones-circulacion-barcelona-olga-guday\/#breadcrumb\",\"itemListElement\":[{\"@type\":\"ListItem\",\"position\":1,\"name\":\"Portada\",\"item\":\"https:\/\/gudayterreros.com\/es\/\"},{\"@type\":\"ListItem\",\"position\":2,\"name\":\"Art\u00edculo de opini\u00f3n sobre las nuevas restricciones de circulaci\u00f3n en toda Barcelona, por Olga Guday\"}]},{\"@type\":\"WebSite\",\"@id\":\"https:\/\/gudayterreros.com\/es\/#website\",\"url\":\"https:\/\/gudayterreros.com\/es\/\",\"name\":\"Guday Terreros\",\"description\":\"Despacho Arquitectura\",\"potentialAction\":[{\"@type\":\"SearchAction\",\"target\":{\"@type\":\"EntryPoint\",\"urlTemplate\":\"https:\/\/gudayterreros.com\/es\/?s={search_term_string}\"},\"query-input\":\"required name=search_term_string\"}],\"inLanguage\":\"es\"},{\"@type\":\"Person\",\"@id\":\"https:\/\/gudayterreros.com\/es\/#\/schema\/person\/a1e92ba93019e21b140b4019298292d0\",\"name\":\"Olga Guday\",\"image\":{\"@type\":\"ImageObject\",\"inLanguage\":\"es\",\"@id\":\"https:\/\/gudayterreros.com\/es\/#\/schema\/person\/image\/\",\"url\":\"https:\/\/secure.gravatar.com\/avatar\/bbda4b117f22d5ebf586a2f73d699f4b?s=96&d=mm&r=g\",\"contentUrl\":\"https:\/\/secure.gravatar.com\/avatar\/bbda4b117f22d5ebf586a2f73d699f4b?s=96&d=mm&r=g\",\"caption\":\"Olga Guday\"},\"url\":\"https:\/\/gudayterreros.com\/es\/blog\/author\/adminguday\/\"}]}<\/script>\n<!-- \/ Yoast SEO plugin. -->","yoast_head_json":{"title":"La Arquitecta Olga Guday escribi\u00f3 para \u201cel Peri\u00f3dico\u201d, el dia 26 de Novembre de 2017.","robots":{"index":"index","follow":"follow","max-snippet":"max-snippet:-1","max-image-preview":"max-image-preview:large","max-video-preview":"max-video-preview:-1"},"canonical":"https:\/\/gudayterreros.com\/es\/blog\/articulo-opinion-restricciones-circulacion-barcelona-olga-guday\/","og_locale":"es_ES","og_type":"article","og_title":"La Arquitecta Olga Guday escribi\u00f3 para \u201cel Peri\u00f3dico\u201d, el dia 26 de Novembre de 2017.","og_description":"La Arquitecta Olga Guday escribi\u00f3 para \u201cel Peri\u00f3dico\u201d, el d\u00eda 26 de Noviembre de 2017. El art\u00edculo de opini\u00f3n sobre las nuevas restricciones de circulaci\u00f3n en toda Barcelona surg\u00eda despu\u00e9s del aviso de la entrada en vigor, el d\u00eda 1 de diciembre, de estas restricciones a ciertos veh\u00edculos contaminantes en d\u00edas de niveles altos de [&hellip;]","og_url":"https:\/\/gudayterreros.com\/es\/blog\/articulo-opinion-restricciones-circulacion-barcelona-olga-guday\/","og_site_name":"Guday Terreros","article_published_time":"2017-11-27T00:35:59+00:00","article_modified_time":"2021-12-21T12:43:15+00:00","og_image":[{"width":2336,"height":2049,"url":"https:\/\/gudayterreros.com\/wp-content\/uploads\/2017\/11\/article-objectiu-2020-barcelona-sense-cotxes.jpeg","type":"image\/jpeg"}],"author":"Olga Guday","twitter_card":"summary_large_image","twitter_misc":{"Escrito por":"Olga Guday","Tiempo de lectura":"1 minuto"},"schema":{"@context":"https:\/\/schema.org","@graph":[{"@type":"WebPage","@id":"https:\/\/gudayterreros.com\/es\/blog\/articulo-opinion-restricciones-circulacion-barcelona-olga-guday\/","url":"https:\/\/gudayterreros.com\/es\/blog\/articulo-opinion-restricciones-circulacion-barcelona-olga-guday\/","name":"La Arquitecta Olga Guday escribi\u00f3 para \u201cel Peri\u00f3dico\u201d, el dia 26 de Novembre de 2017.","isPartOf":{"@id":"https:\/\/gudayterreros.com\/es\/#website"},"datePublished":"2017-11-27T00:35:59+00:00","dateModified":"2021-12-21T12:43:15+00:00","author":{"@id":"https:\/\/gudayterreros.com\/es\/#\/schema\/person\/a1e92ba93019e21b140b4019298292d0"},"breadcrumb":{"@id":"https:\/\/gudayterreros.com\/es\/blog\/articulo-opinion-restricciones-circulacion-barcelona-olga-guday\/#breadcrumb"},"inLanguage":"es","potentialAction":[{"@type":"ReadAction","target":["https:\/\/gudayterreros.com\/es\/blog\/articulo-opinion-restricciones-circulacion-barcelona-olga-guday\/"]}]},{"@type":"BreadcrumbList","@id":"https:\/\/gudayterreros.com\/es\/blog\/articulo-opinion-restricciones-circulacion-barcelona-olga-guday\/#breadcrumb","itemListElement":[{"@type":"ListItem","position":1,"name":"Portada","item":"https:\/\/gudayterreros.com\/es\/"},{"@type":"ListItem","position":2,"name":"Art\u00edculo de opini\u00f3n sobre las nuevas restricciones de circulaci\u00f3n en toda Barcelona, por Olga Guday"}]},{"@type":"WebSite","@id":"https:\/\/gudayterreros.com\/es\/#website","url":"https:\/\/gudayterreros.com\/es\/","name":"Guday Terreros","description":"Despacho Arquitectura","potentialAction":[{"@type":"SearchAction","target":{"@type":"EntryPoint","urlTemplate":"https:\/\/gudayterreros.com\/es\/?s={search_term_string}"},"query-input":"required name=search_term_string"}],"inLanguage":"es"},{"@type":"Person","@id":"https:\/\/gudayterreros.com\/es\/#\/schema\/person\/a1e92ba93019e21b140b4019298292d0","name":"Olga Guday","image":{"@type":"ImageObject","inLanguage":"es","@id":"https:\/\/gudayterreros.com\/es\/#\/schema\/person\/image\/","url":"https:\/\/secure.gravatar.com\/avatar\/bbda4b117f22d5ebf586a2f73d699f4b?s=96&d=mm&r=g","contentUrl":"https:\/\/secure.gravatar.com\/avatar\/bbda4b117f22d5ebf586a2f73d699f4b?s=96&d=mm&r=g","caption":"Olga Guday"},"url":"https:\/\/gudayterreros.com\/es\/blog\/author\/adminguday\/"}]}},"_links":{"self":[{"href":"https:\/\/gudayterreros.com\/es\/wp-json\/wp\/v2\/posts\/1174"}],"collection":[{"href":"https:\/\/gudayterreros.com\/es\/wp-json\/wp\/v2\/posts"}],"about":[{"href":"https:\/\/gudayterreros.com\/es\/wp-json\/wp\/v2\/types\/post"}],"author":[{"embeddable":true,"href":"https:\/\/gudayterreros.com\/es\/wp-json\/wp\/v2\/users\/3"}],"replies":[{"embeddable":true,"href":"https:\/\/gudayterreros.com\/es\/wp-json\/wp\/v2\/comments?post=1174"}],"version-history":[{"count":5,"href":"https:\/\/gudayterreros.com\/es\/wp-json\/wp\/v2\/posts\/1174\/revisions"}],"predecessor-version":[{"id":4324,"href":"https:\/\/gudayterreros.com\/es\/wp-json\/wp\/v2\/posts\/1174\/revisions\/4324"}],"wp:featuredmedia":[{"embeddable":true,"href":"https:\/\/gudayterreros.com\/es\/wp-json\/wp\/v2\/media\/4166"}],"wp:attachment":[{"href":"https:\/\/gudayterreros.com\/es\/wp-json\/wp\/v2\/media?parent=1174"}],"wp:term":[{"taxonomy":"category","embeddable":true,"href":"https:\/\/gudayterreros.com\/es\/wp-json\/wp\/v2\/categories?post=1174"},{"taxonomy":"post_tag","embeddable":true,"href":"https:\/\/gudayterreros.com\/es\/wp-json\/wp\/v2\/tags?post=1174"}],"curies":[{"name":"wp","href":"https:\/\/api.w.org\/{rel}","templated":true}]}}