{"id":768,"date":"2015-01-23T10:36:36","date_gmt":"2015-01-23T10:36:36","guid":{"rendered":"http:\/\/welovewebs.com\/dev\/guday\/blog\/calendari-fires-mon-construccio\/"},"modified":"2021-12-21T12:23:02","modified_gmt":"2021-12-21T12:23:02","slug":"calendar-construction-architecture-fairs","status":"publish","type":"post","link":"https:\/\/gudayterreros.com\/en\/blog\/calendar-construction-architecture-fairs\/","title":{"rendered":"Calendar of Construction and Architecture Fairs"},"content":{"rendered":"<p>Per consultar els Congressos d&#8217;Arquitectura podeu entrar a:<\/p>\n<p><a title=\"Congressos del m\u00f3n de la Arquitectura\" href=\"http:\/\/www.uia.archi\/en\/s-informer\/congres\" target=\"_blank\" rel=\"noopener noreferrer\">www.uia.archi\/en\/s-informer\/congres<br \/>\n<\/a><\/p>\n<p>Per consultar les Fires de la Construcci\u00f3 podeu entrar a:<\/p>\n<p><a title=\"Fires de la Construcci\u00f3\" href=\"http:\/\/www.infoconstruccion.es\/eventos\/Feria\" target=\"_blank\" rel=\"noopener noreferrer\">www.infoconstruccion.es\/eventos\/Feria<br \/>\n<\/a><\/p>\n","protected":false},"excerpt":{"rendered":"<p>Per consultar els Congressos d&#8217;Arquitectura podeu entrar a: www.uia.archi\/en\/s-informer\/congres Per consultar les Fires de la Construcci\u00f3 podeu entrar a: www.infoconstruccion.es\/eventos\/Feria<\/p>\n","protected":false},"author":3,"featured_media":4309,"comment_status":"closed","ping_status":"closed","sticky":false,"template":"","format":"standard","meta":{"_et_pb_use_builder":"","_et_pb_old_content":"","_et_gb_content_width":""},"categories":[22,24,25,133],"tags":[158],"acf":[],"yoast_head":"<!-- This site is optimized with the Yoast SEO plugin v19.10 - https:\/\/yoast.com\/wordpress\/plugins\/seo\/ -->\n<title>Calendari de fires de la construcci\u00f3 | Guday Terreros Arquitectura<\/title>\n<meta name=\"description\" content=\"Entra al bloc de Guday Terreros i coneix el calendari de fires de la construcci\u00f3 i dels congressos d&#039;arquitectura m\u00e9s importants al voltant del m\u00f3n.\" \/>\n<meta name=\"robots\" content=\"index, follow, max-snippet:-1, max-image-preview:large, max-video-preview:-1\" \/>\n<link rel=\"canonical\" href=\"https:\/\/gudayterreros.com\/en\/blog\/calendar-construction-architecture-fairs\/\" \/>\n<meta property=\"og:locale\" content=\"en_US\" \/>\n<meta property=\"og:type\" content=\"article\" \/>\n<meta property=\"og:title\" content=\"Calendari de fires de la construcci\u00f3 | Guday Terreros Arquitectura\" \/>\n<meta property=\"og:description\" content=\"Entra al bloc de Guday Terreros i coneix el calendari de fires de la construcci\u00f3 i dels congressos d&#039;arquitectura m\u00e9s importants al voltant del m\u00f3n.\" \/>\n<meta property=\"og:url\" content=\"https:\/\/gudayterreros.com\/en\/blog\/calendar-construction-architecture-fairs\/\" \/>\n<meta property=\"og:site_name\" content=\"Guday Terreros\" \/>\n<meta property=\"article:published_time\" content=\"2015-01-23T10:36:36+00:00\" \/>\n<meta property=\"article:modified_time\" content=\"2021-12-21T12:23:02+00:00\" \/>\n<meta property=\"og:image\" content=\"https:\/\/gudayterreros.com\/wp-content\/uploads\/2015\/01\/Gran_Via_venue_of_Fira_de_Barcelona_02b.jpeg\" \/>\n\t<meta property=\"og:image:width\" content=\"1492\" \/>\n\t<meta property=\"og:image:height\" content=\"600\" \/>\n\t<meta property=\"og:image:type\" content=\"image\/jpeg\" \/>\n<meta name=\"author\" content=\"Olga Guday\" \/>\n<meta name=\"twitter:card\" content=\"summary_large_image\" \/>\n<meta name=\"twitter:label1\" content=\"Written by\" \/>\n\t<meta name=\"twitter:data1\" content=\"Olga Guday\" \/>\n<script type=\"application\/ld+json\" class=\"yoast-schema-graph\">{\"@context\":\"https:\/\/schema.org\",\"@graph\":[{\"@type\":\"WebPage\",\"@id\":\"https:\/\/gudayterreros.com\/en\/blog\/calendar-construction-architecture-fairs\/\",\"url\":\"https:\/\/gudayterreros.com\/en\/blog\/calendar-construction-architecture-fairs\/\",\"name\":\"Calendari de fires de la construcci\u00f3 | Guday Terreros Arquitectura\",\"isPartOf\":{\"@id\":\"https:\/\/gudayterreros.com\/en\/#website\"},\"datePublished\":\"2015-01-23T10:36:36+00:00\",\"dateModified\":\"2021-12-21T12:23:02+00:00\",\"author\":{\"@id\":\"https:\/\/gudayterreros.com\/en\/#\/schema\/person\/a1e92ba93019e21b140b4019298292d0\"},\"description\":\"Entra al bloc de Guday Terreros i coneix el calendari de fires de la construcci\u00f3 i dels congressos d'arquitectura m\u00e9s importants al voltant del m\u00f3n.\",\"breadcrumb\":{\"@id\":\"https:\/\/gudayterreros.com\/en\/blog\/calendar-construction-architecture-fairs\/#breadcrumb\"},\"inLanguage\":\"en-US\",\"potentialAction\":[{\"@type\":\"ReadAction\",\"target\":[\"https:\/\/gudayterreros.com\/en\/blog\/calendar-construction-architecture-fairs\/\"]}]},{\"@type\":\"BreadcrumbList\",\"@id\":\"https:\/\/gudayterreros.com\/en\/blog\/calendar-construction-architecture-fairs\/#breadcrumb\",\"itemListElement\":[{\"@type\":\"ListItem\",\"position\":1,\"name\":\"Portada\",\"item\":\"https:\/\/gudayterreros.com\/en\/\"},{\"@type\":\"ListItem\",\"position\":2,\"name\":\"Calendar of Construction and Architecture Fairs\"}]},{\"@type\":\"WebSite\",\"@id\":\"https:\/\/gudayterreros.com\/en\/#website\",\"url\":\"https:\/\/gudayterreros.com\/en\/\",\"name\":\"Guday Terreros\",\"description\":\"Despacho Arquitectura\",\"potentialAction\":[{\"@type\":\"SearchAction\",\"target\":{\"@type\":\"EntryPoint\",\"urlTemplate\":\"https:\/\/gudayterreros.com\/en\/?s={search_term_string}\"},\"query-input\":\"required name=search_term_string\"}],\"inLanguage\":\"en-US\"},{\"@type\":\"Person\",\"@id\":\"https:\/\/gudayterreros.com\/en\/#\/schema\/person\/a1e92ba93019e21b140b4019298292d0\",\"name\":\"Olga Guday\",\"image\":{\"@type\":\"ImageObject\",\"inLanguage\":\"en-US\",\"@id\":\"https:\/\/gudayterreros.com\/en\/#\/schema\/person\/image\/\",\"url\":\"https:\/\/secure.gravatar.com\/avatar\/bbda4b117f22d5ebf586a2f73d699f4b?s=96&d=mm&r=g\",\"contentUrl\":\"https:\/\/secure.gravatar.com\/avatar\/bbda4b117f22d5ebf586a2f73d699f4b?s=96&d=mm&r=g\",\"caption\":\"Olga Guday\"},\"url\":\"https:\/\/gudayterreros.com\/en\/blog\/author\/adminguday\/\"}]}<\/script>\n<!-- \/ Yoast SEO plugin. -->","yoast_head_json":{"title":"Calendari de fires de la construcci\u00f3 | Guday Terreros Arquitectura","description":"Entra al bloc de Guday Terreros i coneix el calendari de fires de la construcci\u00f3 i dels congressos d'arquitectura m\u00e9s importants al voltant del m\u00f3n.","robots":{"index":"index","follow":"follow","max-snippet":"max-snippet:-1","max-image-preview":"max-image-preview:large","max-video-preview":"max-video-preview:-1"},"canonical":"https:\/\/gudayterreros.com\/en\/blog\/calendar-construction-architecture-fairs\/","og_locale":"en_US","og_type":"article","og_title":"Calendari de fires de la construcci\u00f3 | Guday Terreros Arquitectura","og_description":"Entra al bloc de Guday Terreros i coneix el calendari de fires de la construcci\u00f3 i dels congressos d'arquitectura m\u00e9s importants al voltant del m\u00f3n.","og_url":"https:\/\/gudayterreros.com\/en\/blog\/calendar-construction-architecture-fairs\/","og_site_name":"Guday Terreros","article_published_time":"2015-01-23T10:36:36+00:00","article_modified_time":"2021-12-21T12:23:02+00:00","og_image":[{"width":1492,"height":600,"url":"https:\/\/gudayterreros.com\/wp-content\/uploads\/2015\/01\/Gran_Via_venue_of_Fira_de_Barcelona_02b.jpeg","type":"image\/jpeg"}],"author":"Olga Guday","twitter_card":"summary_large_image","twitter_misc":{"Written by":"Olga Guday"},"schema":{"@context":"https:\/\/schema.org","@graph":[{"@type":"WebPage","@id":"https:\/\/gudayterreros.com\/en\/blog\/calendar-construction-architecture-fairs\/","url":"https:\/\/gudayterreros.com\/en\/blog\/calendar-construction-architecture-fairs\/","name":"Calendari de fires de la construcci\u00f3 | Guday Terreros Arquitectura","isPartOf":{"@id":"https:\/\/gudayterreros.com\/en\/#website"},"datePublished":"2015-01-23T10:36:36+00:00","dateModified":"2021-12-21T12:23:02+00:00","author":{"@id":"https:\/\/gudayterreros.com\/en\/#\/schema\/person\/a1e92ba93019e21b140b4019298292d0"},"description":"Entra al bloc de Guday Terreros i coneix el calendari de fires de la construcci\u00f3 i dels congressos d'arquitectura m\u00e9s importants al voltant del m\u00f3n.","breadcrumb":{"@id":"https:\/\/gudayterreros.com\/en\/blog\/calendar-construction-architecture-fairs\/#breadcrumb"},"inLanguage":"en-US","potentialAction":[{"@type":"ReadAction","target":["https:\/\/gudayterreros.com\/en\/blog\/calendar-construction-architecture-fairs\/"]}]},{"@type":"BreadcrumbList","@id":"https:\/\/gudayterreros.com\/en\/blog\/calendar-construction-architecture-fairs\/#breadcrumb","itemListElement":[{"@type":"ListItem","position":1,"name":"Portada","item":"https:\/\/gudayterreros.com\/en\/"},{"@type":"ListItem","position":2,"name":"Calendar of Construction and Architecture Fairs"}]},{"@type":"WebSite","@id":"https:\/\/gudayterreros.com\/en\/#website","url":"https:\/\/gudayterreros.com\/en\/","name":"Guday Terreros","description":"Despacho Arquitectura","potentialAction":[{"@type":"SearchAction","target":{"@type":"EntryPoint","urlTemplate":"https:\/\/gudayterreros.com\/en\/?s={search_term_string}"},"query-input":"required name=search_term_string"}],"inLanguage":"en-US"},{"@type":"Person","@id":"https:\/\/gudayterreros.com\/en\/#\/schema\/person\/a1e92ba93019e21b140b4019298292d0","name":"Olga Guday","image":{"@type":"ImageObject","inLanguage":"en-US","@id":"https:\/\/gudayterreros.com\/en\/#\/schema\/person\/image\/","url":"https:\/\/secure.gravatar.com\/avatar\/bbda4b117f22d5ebf586a2f73d699f4b?s=96&d=mm&r=g","contentUrl":"https:\/\/secure.gravatar.com\/avatar\/bbda4b117f22d5ebf586a2f73d699f4b?s=96&d=mm&r=g","caption":"Olga Guday"},"url":"https:\/\/gudayterreros.com\/en\/blog\/author\/adminguday\/"}]}},"_links":{"self":[{"href":"https:\/\/gudayterreros.com\/en\/wp-json\/wp\/v2\/posts\/768"}],"collection":[{"href":"https:\/\/gudayterreros.com\/en\/wp-json\/wp\/v2\/posts"}],"about":[{"href":"https:\/\/gudayterreros.com\/en\/wp-json\/wp\/v2\/types\/post"}],"author":[{"embeddable":true,"href":"https:\/\/gudayterreros.com\/en\/wp-json\/wp\/v2\/users\/3"}],"replies":[{"embeddable":true,"href":"https:\/\/gudayterreros.com\/en\/wp-json\/wp\/v2\/comments?post=768"}],"version-history":[{"count":1,"href":"https:\/\/gudayterreros.com\/en\/wp-json\/wp\/v2\/posts\/768\/revisions"}],"predecessor-version":[{"id":3996,"href":"https:\/\/gudayterreros.com\/en\/wp-json\/wp\/v2\/posts\/768\/revisions\/3996"}],"wp:featuredmedia":[{"embeddable":true,"href":"https:\/\/gudayterreros.com\/en\/wp-json\/wp\/v2\/media\/4309"}],"wp:attachment":[{"href":"https:\/\/gudayterreros.com\/en\/wp-json\/wp\/v2\/media?parent=768"}],"wp:term":[{"taxonomy":"category","embeddable":true,"href":"https:\/\/gudayterreros.com\/en\/wp-json\/wp\/v2\/categories?post=768"},{"taxonomy":"post_tag","embeddable":true,"href":"https:\/\/gudayterreros.com\/en\/wp-json\/wp\/v2\/tags?post=768"}],"curies":[{"name":"wp","href":"https:\/\/api.w.org\/{rel}","templated":true}]}}